{"id":952,"date":"2013-07-11T00:01:45","date_gmt":"2013-07-11T02:01:45","guid":{"rendered":"http:\/\/www.encontraararas.com.br\/noticias\/?p=952"},"modified":"2019-04-29T18:31:47","modified_gmt":"2019-04-29T20:31:47","slug":"principais-avenidas-de-araras-terao-reforco-na-iluminacao","status":"publish","type":"post","link":"https:\/\/www.encontraararas.com.br\/sobre\/principais-avenidas-de-araras-terao-reforco-na-iluminacao\/","title":{"rendered":"Principais avenidas de Araras ter\u00e3o refor\u00e7o na ilumina\u00e7\u00e3o"},"content":{"rendered":"<div class=\"028300b157bd2076cd9869e154cabe36\" data-index=\"1\" style=\"float: none; margin:0px;\">\n<!-- Anuncio display - global -->\r\n<ins class=\"adsbygoogle\"\r\n     style=\"display:block\"\r\n     data-ad-client=\"ca-pub-8585364105181520\"\r\n     data-ad-slot=\"8789329856\"\r\n     data-ad-format=\"auto\"\r\n     data-full-width-responsive=\"true\"><\/ins>\r\n<script>\r\n     (adsbygoogle = window.adsbygoogle || []).push({});\r\n<\/script>\n<\/div>\n<p>As principais avenidas da cidade v\u00e3o receber refor\u00e7o na ilumina\u00e7\u00e3o. O projeto realizado pela Prefeitura Municipal de Araras envolve interven\u00e7\u00f5es j\u00e1 realizadas na zona norte, oeste e sul, visando principalmente oferecer mais seguran\u00e7a a motoristas, pedestres e moradores da regi\u00e3o.<\/p>\n<p>O servi\u00e7o ser\u00e1 estendido tamb\u00e9m a outras vias p\u00fablicas que t\u00eam fluxo intenso de ve\u00edculos. \u201cVamos realizar essas melhorias nas principais avenidas da cidade, atendendo a pedido de moradores de v\u00e1rias regi\u00f5es\u201d, adiantou Celso Aparecido Canassa, secret\u00e1rio municipal de Desenvolvimento Urbano e Obras P\u00fablicas.<\/p>\n<p>Em alguns pontos, como as Avenidas da Saudade (Jardim F\u00e1tima) e a Padre Alarico Zacharias (Jardim Belvedere), as interven\u00e7\u00f5es envolveram troca de l\u00e2mpadas.<\/p>\n<p>\u201cAntes, a ilumina\u00e7\u00e3o das duas avenidas era feita por l\u00e2mpadas de vapor de s\u00f3dio de 70 watts. Elas foram trocadas por modelos de 100 watts, que garantem mais luminosidade\u201d, explica C\u00e1ssio Luiz D\u2019Alessandri, diretor do departamento de manuten\u00e7\u00e3o el\u00e9trica da Prefeitura.<\/p>\n<p>J\u00e1 nas avenidas Em\u00edlio Pacagnella (Parque das \u00c1rvores) e Senador C\u00e9sar Lacerda de Oliveira (Jardim C\u00e2ndida) houve duplica\u00e7\u00e3o do n\u00famero de bra\u00e7os de ilumina\u00e7\u00e3o nos postes, al\u00e9m de troca das l\u00e2mpadas por modelos mais eficientes e econ\u00f4micos.<br \/>\nAs melhorias tamb\u00e9m fazem parte do Plano Integrado de Seguran\u00e7a, que foi elaborado para combater a criminalidade em Araras.<\/p>\n<p>\u201cEstamos refor\u00e7ando a ilumina\u00e7\u00e3o nas avenidas, pra\u00e7as e \u00e1reas de lazer da cidade, visando garantir mais tranquilidade para a popula\u00e7\u00e3o. Esse \u00e9 um compromisso desta administra\u00e7\u00e3o com o povo de Araras\u201d, comentou o prefeito Nelson Dimas Brambilla.<\/p>\n<p><em>Fonte: Prefeitura Municipal de Araras<\/em><\/p>\n\n<div style=\"font-size: 0px; height: 0px; line-height: 0px; margin: 0; padding: 0; clear: both;\"><\/div>","protected":false},"excerpt":{"rendered":"<p>As principais avenidas da cidade v\u00e3o receber refor\u00e7o na ilumina\u00e7\u00e3o. O projeto realizado pela Prefeitura Municipal de Araras envolve interven\u00e7\u00f5es j\u00e1 realizadas na zona norte, oeste e sul, visando principalmente oferecer mais seguran\u00e7a a motoristas, pedestres e moradores da regi\u00e3o. O servi\u00e7o ser\u00e1 estendido tamb\u00e9m a outras vias p\u00fablicas que t\u00eam fluxo intenso de ve\u00edculos. \u201cVamos realizar essas melhorias nas principais avenidas da cidade, atendendo a pedido de moradores de v\u00e1rias regi\u00f5es\u201d, adiantou Celso Aparecido Canassa, secret\u00e1rio municipal de Desenvolvimento Urbano e Obras P\u00fablicas. Em alguns pontos, como as Avenidas da Saudade (Jardim F\u00e1tima) e a Padre Alarico Zacharias (Jardim <\/p>\n","protected":false},"author":1,"featured_media":0,"comment_status":"open","ping_status":"closed","sticky":false,"template":"","format":"standard","meta":{"footnotes":""},"categories":[6,8],"tags":[14],"class_list":["post-952","post","type-post","status-publish","format-standard","hentry","category-noticias-araras","category-servicos-araras","tag-araras"],"aioseo_notices":[],"_links":{"self":[{"href":"https:\/\/www.encontraararas.com.br\/sobre\/wp-json\/wp\/v2\/posts\/952","targetHints":{"allow":["GET"]}}],"collection":[{"href":"https:\/\/www.encontraararas.com.br\/sobre\/wp-json\/wp\/v2\/posts"}],"about":[{"href":"https:\/\/www.encontraararas.com.br\/sobre\/wp-json\/wp\/v2\/types\/post"}],"author":[{"embeddable":true,"href":"https:\/\/www.encontraararas.com.br\/sobre\/wp-json\/wp\/v2\/users\/1"}],"replies":[{"embeddable":true,"href":"https:\/\/www.encontraararas.com.br\/sobre\/wp-json\/wp\/v2\/comments?post=952"}],"version-history":[{"count":0,"href":"https:\/\/www.encontraararas.com.br\/sobre\/wp-json\/wp\/v2\/posts\/952\/revisions"}],"wp:attachment":[{"href":"https:\/\/www.encontraararas.com.br\/sobre\/wp-json\/wp\/v2\/media?parent=952"}],"wp:term":[{"taxonomy":"category","embeddable":true,"href":"https:\/\/www.encontraararas.com.br\/sobre\/wp-json\/wp\/v2\/categories?post=952"},{"taxonomy":"post_tag","embeddable":true,"href":"https:\/\/www.encontraararas.com.br\/sobre\/wp-json\/wp\/v2\/tags?post=952"}],"curies":[{"name":"wp","href":"https:\/\/api.w.org\/{rel}","templated":true}]}}