{"id":66,"date":"2012-02-15T14:45:10","date_gmt":"2012-02-15T16:45:10","guid":{"rendered":"http:\/\/www.encontraararas.com.br\/noticias\/?p=66"},"modified":"2019-04-29T18:33:28","modified_gmt":"2019-04-29T20:33:28","slug":"araras-instala-novos-semaforos","status":"publish","type":"post","link":"https:\/\/www.encontraararas.com.br\/sobre\/araras-instala-novos-semaforos\/","title":{"rendered":"Araras instala novos sem\u00e1foros"},"content":{"rendered":"<div class=\"028300b157bd2076cd9869e154cabe36\" data-index=\"1\" style=\"float: none; margin:0px;\">\n<!-- Anuncio display - global -->\r\n<ins class=\"adsbygoogle\"\r\n     style=\"display:block\"\r\n     data-ad-client=\"ca-pub-8585364105181520\"\r\n     data-ad-slot=\"8789329856\"\r\n     data-ad-format=\"auto\"\r\n     data-full-width-responsive=\"true\"><\/ins>\r\n<script>\r\n     (adsbygoogle = window.adsbygoogle || []).push({});\r\n<\/script>\n<\/div>\n<p>Os novos sem\u00e1foros come\u00e7aram a ser instalados na regi\u00e3o central da cidade de Araras. As bases j\u00e1 foram feitas e os postes de sustenta\u00e7\u00e3o est\u00e3o sendo montados no Demutran (Departamento Municipal de Tr\u00e2nsito).<\/p>\n<p>A responsabilidade da montagem e instala\u00e7\u00e3o dos novos aparelhos \u00e9 da empresa Contransin Ind\u00fastria e Com\u00e9rcio, da cidade de Tr\u00eas Cora\u00e7\u00f5es\/MG, fornecedora dos sem\u00e1foros.<\/p>\n<p>Ainda nesta semana outras duas equipes estar\u00e3o na cidade para agilizar a instala\u00e7\u00e3o dos 34 novos sem\u00e1foros \u2013 o investimento \u00e9 de aproximadamente R$ 300 mil.<\/p>\n<p>A novidade para o tr\u00e2nsito de Araras \u00e9 que pelo menos 10 desses novos aparelhos mant\u00eam anexo um painel digital que a Prefeitura poder\u00e1 utilizar para informar os cidad\u00e3os, enquanto o sinal est\u00e1 vermelho, sobre campanhas e eventos.<\/p>\n<p>Os sem\u00e1foros s\u00e3o de led, com contadores digitais num\u00e9ricos, e tem tecnologia GPRS (General Packet Radio Service), a mesma utilizada nos telefones celulares, oferecendo praticidade em regulagens \u2013 h\u00e1 possibilidade de controlar o tempo dos aparelhos conforme o fluxo de ve\u00edculos ou mesmo sincroniz\u00e1-los para que todos, num sentido \u00fanico e cont\u00ednuo, estejam abertos, evitando congestionamento.<\/p>\n<div><span class=\"Apple-style-span\" style=\"color: #333333; font-family: 'Trebuchet MS', Arial, Helvetica, sans-serif; font-size: 15px; line-height: normal; background-color: #ffffff;\">Fonte: <em>Canalrioclaro.com.br<\/em><\/span><\/div>\n\n<div style=\"font-size: 0px; height: 0px; line-height: 0px; margin: 0; padding: 0; clear: both;\"><\/div>","protected":false},"excerpt":{"rendered":"<p>Os novos sem\u00e1foros come\u00e7aram a ser instalados na regi\u00e3o central da cidade de Araras. As bases j\u00e1 foram feitas e os postes de sustenta\u00e7\u00e3o est\u00e3o sendo montados no Demutran (Departamento Municipal de Tr\u00e2nsito). A responsabilidade da montagem e instala\u00e7\u00e3o dos novos aparelhos \u00e9 da empresa Contransin Ind\u00fastria e Com\u00e9rcio, da cidade de Tr\u00eas Cora\u00e7\u00f5es\/MG, fornecedora dos sem\u00e1foros. Ainda nesta semana outras duas equipes estar\u00e3o na cidade para agilizar a instala\u00e7\u00e3o dos 34 novos sem\u00e1foros \u2013 o investimento \u00e9 de aproximadamente R$ 300 mil. A novidade para o tr\u00e2nsito de Araras \u00e9 que pelo menos 10 desses novos aparelhos mant\u00eam anexo <\/p>\n","protected":false},"author":1,"featured_media":0,"comment_status":"open","ping_status":"closed","sticky":false,"template":"","format":"standard","meta":{"footnotes":""},"categories":[6],"tags":[14],"class_list":["post-66","post","type-post","status-publish","format-standard","hentry","category-noticias-araras","tag-araras"],"aioseo_notices":[],"_links":{"self":[{"href":"https:\/\/www.encontraararas.com.br\/sobre\/wp-json\/wp\/v2\/posts\/66","targetHints":{"allow":["GET"]}}],"collection":[{"href":"https:\/\/www.encontraararas.com.br\/sobre\/wp-json\/wp\/v2\/posts"}],"about":[{"href":"https:\/\/www.encontraararas.com.br\/sobre\/wp-json\/wp\/v2\/types\/post"}],"author":[{"embeddable":true,"href":"https:\/\/www.encontraararas.com.br\/sobre\/wp-json\/wp\/v2\/users\/1"}],"replies":[{"embeddable":true,"href":"https:\/\/www.encontraararas.com.br\/sobre\/wp-json\/wp\/v2\/comments?post=66"}],"version-history":[{"count":0,"href":"https:\/\/www.encontraararas.com.br\/sobre\/wp-json\/wp\/v2\/posts\/66\/revisions"}],"wp:attachment":[{"href":"https:\/\/www.encontraararas.com.br\/sobre\/wp-json\/wp\/v2\/media?parent=66"}],"wp:term":[{"taxonomy":"category","embeddable":true,"href":"https:\/\/www.encontraararas.com.br\/sobre\/wp-json\/wp\/v2\/categories?post=66"},{"taxonomy":"post_tag","embeddable":true,"href":"https:\/\/www.encontraararas.com.br\/sobre\/wp-json\/wp\/v2\/tags?post=66"}],"curies":[{"name":"wp","href":"https:\/\/api.w.org\/{rel}","templated":true}]}}