{"id":63,"date":"2012-02-15T14:42:55","date_gmt":"2012-02-15T16:42:55","guid":{"rendered":"http:\/\/www.encontraararas.com.br\/noticias\/?p=63"},"modified":"2019-04-29T18:33:28","modified_gmt":"2019-04-29T20:33:28","slug":"araras-divulga-feriados-e-pontos-facultativos-para-2012","status":"publish","type":"post","link":"https:\/\/www.encontraararas.com.br\/sobre\/araras-divulga-feriados-e-pontos-facultativos-para-2012\/","title":{"rendered":"Araras divulga feriados e pontos facultativos para 2012"},"content":{"rendered":"<div class=\"028300b157bd2076cd9869e154cabe36\" data-index=\"1\" style=\"float: none; margin:0px;\">\n<!-- Anuncio display - global -->\r\n<ins class=\"adsbygoogle\"\r\n     style=\"display:block\"\r\n     data-ad-client=\"ca-pub-8585364105181520\"\r\n     data-ad-slot=\"8789329856\"\r\n     data-ad-format=\"auto\"\r\n     data-full-width-responsive=\"true\"><\/ins>\r\n<script>\r\n     (adsbygoogle = window.adsbygoogle || []).push({});\r\n<\/script>\n<\/div>\n<p>A Prefeitura da Cidade Araras divulgou essa semana o calend\u00e1rio de feriados e pontos facultativos pra 2012. <\/p>\n<p>Para o Carnaval, os dias 20 e 21 de mar\u00e7o ser\u00e3o considerados ponto facultativo. J\u00e1 na quarta-feira de Cinzas (22), o expediente nas reparti\u00e7\u00f5es p\u00fablicas municipais ter\u00e1 in\u00edcio ap\u00f3s o meio-dia.<\/p>\n<p>Definir antecipadamente o cronograma das atividades \u00e9 uma necessidade para melhor adequa\u00e7\u00e3o da m\u00e1quina administrativa, nos dias pr\u00f3ximos aos feriados.<\/p>\n<p>Ser\u00e3o seis pontos facultativos, oito feriados nacionais, tr\u00eas feriados religiosos, dois feriados municipais e um feriado estadual, num total de 20 dias entre feriados e pontos facultativos.<\/p>\n<p>Datas, comemora\u00e7\u00e3o, feriados e pontos facultativos<\/p>\n<p>1 de janeiro &#8211; Confraterniza\u00e7\u00e3o Universal &#8211; Feriado Nacional<br \/>\n20 de fevereiro \u2013 Carnaval: Ponto Facultativo<br \/>\n21 de fevereiro \u2013 Carnaval: Ponto Facultativo<br \/>\n22 de fevereiro &#8211; Quarta-feira de Cinzas: Ponto Facultativo at\u00e9 as 12 h<br \/>\n24 de mar\u00e7o &#8211; Dia do Munic\u00edpio: Ponto Facultativo<br \/>\n6 de abril &#8211; Sexta-feira Santa: Feriado Religioso Municipal \u2013 Lei n\u00ba. 717\/1967<br \/>\n21 de abril \u2013 Tiradentes: Feriado Nacional<br \/>\n1\u00ba de maio &#8211; Dia do Trabalho: Feriado Nacional<br \/>\n7 de junho &#8211; Corpus Christi: Feriado Religioso Municipal \u2013 Lei n\u00ba. 717\/1967<br \/>\n9 de julho &#8211; Revolu\u00e7\u00e3o Constitucionalista: Feriado Estadual<br \/>\n15 de agosto &#8211; Padroeira de Araras \u2013 N\u00aa. Sr\u00aa. do Patroc\u00ednio &#8211; Feriado Religioso Municipal e Comemora\u00e7\u00e3o dos 150 anos de funda\u00e7\u00e3o de Araras \u2013 Lei n\u00ba. 717\/1967<br \/>\n7 de setembro &#8211; Independ\u00eancia do Brasil: Feriado Nacional<br \/>\n12 de outubro &#8211; Nossa Senhora Aparecida: Feriado Nacional<br \/>\n28 de outubro &#8211; Dia do Funcion\u00e1rio P\u00fablico: Ponto Facultativo<br \/>\n2 de novembro \u2013 Finados: Feriado Nacional<br \/>\n15 de novembro &#8211; Proclama\u00e7\u00e3o da Rep\u00fablica: Feriado Nacional<br \/>\n20 de novembro &#8211; Dia da Consci\u00eancia Negra: Feriado Municipal \u2013 Lei n\u00ba. 4.258\/2009<br \/>\n24 de dezembro &#8211; V\u00e9spera do Natal: Ponto Facultativo<br \/>\n25 de dezembro \u2013 Natal: Feriado Nacional<br \/>\n31 de dezembro &#8211; V\u00e9spera do Ano Novo: Ponto Facultativo<\/p>\n<p>Fonte:<\/p>\n<p>&nbsp;<\/p>\n<div><span class=\"Apple-style-span\" style=\"color: #333333; font-family: 'Trebuchet MS', Arial, Helvetica, sans-serif; font-size: 15px; line-height: normal; background-color: #ffffff;\"><br \/>\n<\/span><\/div>\n\n<div style=\"font-size: 0px; height: 0px; line-height: 0px; margin: 0; padding: 0; clear: both;\"><\/div>","protected":false},"excerpt":{"rendered":"<p>A Prefeitura da Cidade Araras divulgou essa semana o calend\u00e1rio de feriados e pontos facultativos pra 2012. Para o Carnaval, os dias 20 e 21 de mar\u00e7o ser\u00e3o considerados ponto facultativo. J\u00e1 na quarta-feira de Cinzas (22), o expediente nas reparti\u00e7\u00f5es p\u00fablicas municipais ter\u00e1 in\u00edcio ap\u00f3s o meio-dia. Definir antecipadamente o cronograma das atividades \u00e9 uma necessidade para melhor adequa\u00e7\u00e3o da m\u00e1quina administrativa, nos dias pr\u00f3ximos aos feriados. Ser\u00e3o seis pontos facultativos, oito feriados nacionais, tr\u00eas feriados religiosos, dois feriados municipais e um feriado estadual, num total de 20 dias entre feriados e pontos facultativos. Datas, comemora\u00e7\u00e3o, feriados e pontos <\/p>\n","protected":false},"author":1,"featured_media":0,"comment_status":"open","ping_status":"closed","sticky":false,"template":"","format":"standard","meta":{"footnotes":""},"categories":[6],"tags":[14],"class_list":["post-63","post","type-post","status-publish","format-standard","hentry","category-noticias-araras","tag-araras"],"aioseo_notices":[],"_links":{"self":[{"href":"https:\/\/www.encontraararas.com.br\/sobre\/wp-json\/wp\/v2\/posts\/63","targetHints":{"allow":["GET"]}}],"collection":[{"href":"https:\/\/www.encontraararas.com.br\/sobre\/wp-json\/wp\/v2\/posts"}],"about":[{"href":"https:\/\/www.encontraararas.com.br\/sobre\/wp-json\/wp\/v2\/types\/post"}],"author":[{"embeddable":true,"href":"https:\/\/www.encontraararas.com.br\/sobre\/wp-json\/wp\/v2\/users\/1"}],"replies":[{"embeddable":true,"href":"https:\/\/www.encontraararas.com.br\/sobre\/wp-json\/wp\/v2\/comments?post=63"}],"version-history":[{"count":0,"href":"https:\/\/www.encontraararas.com.br\/sobre\/wp-json\/wp\/v2\/posts\/63\/revisions"}],"wp:attachment":[{"href":"https:\/\/www.encontraararas.com.br\/sobre\/wp-json\/wp\/v2\/media?parent=63"}],"wp:term":[{"taxonomy":"category","embeddable":true,"href":"https:\/\/www.encontraararas.com.br\/sobre\/wp-json\/wp\/v2\/categories?post=63"},{"taxonomy":"post_tag","embeddable":true,"href":"https:\/\/www.encontraararas.com.br\/sobre\/wp-json\/wp\/v2\/tags?post=63"}],"curies":[{"name":"wp","href":"https:\/\/api.w.org\/{rel}","templated":true}]}}