{"id":588,"date":"2012-10-26T11:22:12","date_gmt":"2012-10-26T13:22:12","guid":{"rendered":"http:\/\/www.encontraararas.com.br\/noticias\/?p=588"},"modified":"2019-04-29T18:32:24","modified_gmt":"2019-04-29T20:32:24","slug":"agenda-cultural-de-araras-reune-festival-de-animacao-rap-e-oficinas","status":"publish","type":"post","link":"https:\/\/www.encontraararas.com.br\/sobre\/agenda-cultural-de-araras-reune-festival-de-animacao-rap-e-oficinas\/","title":{"rendered":"Agenda cultural de Araras re\u00fane festival de anima\u00e7\u00e3o, rap e oficinas"},"content":{"rendered":"<div class=\"028300b157bd2076cd9869e154cabe36\" data-index=\"1\" style=\"float: none; margin:0px;\">\n<!-- Anuncio display - global -->\r\n<ins class=\"adsbygoogle\"\r\n     style=\"display:block\"\r\n     data-ad-client=\"ca-pub-8585364105181520\"\r\n     data-ad-slot=\"8789329856\"\r\n     data-ad-format=\"auto\"\r\n     data-full-width-responsive=\"true\"><\/ins>\r\n<script>\r\n     (adsbygoogle = window.adsbygoogle || []).push({});\r\n<\/script>\n<\/div>\n<p>Rap, oficinas e filmes de anima\u00e7\u00e3o est\u00e3o entre as atra\u00e7\u00f5es culturais para o fim de semana em Araras (SP). A programa\u00e7\u00e3o gratuita come\u00e7a nesta sexta-feira (26) com teatro Cordel da Cia Teatral Proc\u00eanio.<\/p>\n<p>No s\u00e1bado (27), o Festival \u201cAraras SP Gangsta Rap\u201d \u00e9 destaque no <a href=\"http:\/\/www.encontraararas.com.br\/araras\/parque-ecologico-e-cultural-gilberto-ruegger-ometto-araras.shtml\" target=\"_blank\">Parque Ecol\u00f3gico e Cultural \u201cGilberto Ruegger Ometto\u201d<\/a>, a partir das 21h. O evento contar\u00e1 com a apresenta\u00e7\u00e3o dos grupos Transmiss\u00e3o, Comando R, Vil\u00f5es de Preto, Sistema Negro, Identidade Negra e Arsenal.<\/p>\n<p>No domingo (28), o destaque \u00e9 a Mostra Internacional de Anima\u00e7\u00e3o, que ser\u00e1 realizada simultaneamente em 200 cidades brasileiras, sendo a primeira vez em Araras. O evento, realizado no Centro Cultural \u201cLeny de Oliveira Zurita\u201d, ter\u00e1 a exibi\u00e7\u00e3o de 24 curtas-metragens de anima\u00e7\u00e3o, produzidos com t\u00e9cnicas 2D, 3D, tradicional e stop motion.<\/p>\n<p>A mostra tem sequ\u00eancia na quarta-feira (31), com Mostra Paulista de Anima\u00e7\u00e3o, que contar\u00e1 com a exibi\u00e7\u00e3o de sete curtas metragens.<\/p>\n<p><strong>Confira a programa\u00e7\u00e3o completa<\/strong><\/p>\n<p><strong>Sexta-feira (26)<\/strong><br \/>\n20h &#8211; Teatro | Cordel &#8211; Cia Teatral Proc\u00eanio | Centro Cultural \u201cLeny de Oliveira Zurita\u201d<\/p>\n<p><strong>S\u00e1bado (27)<\/strong><br \/>\n20h &#8211; Exposi\u00e7\u00e3o de Artes Pl\u00e1sticas | Tempo de Recome\u00e7ar &#8211; Olga Sardinha | Centro Cultural \u201cLeny de Oliveira Zurita\u201d | Per\u00edodo de exposi\u00e7\u00e3o: 27 de outubro a 04 de novembro de 2012<br \/>\n20h &#8211; Grupo Talism\u00e3 | Repert\u00f3rio Variado | Pra\u00e7a \u201cBar\u00e3o de Araras\u201d<br \/>\n21h &#8211; Festival de Rap | Araras SP Gangsta Rap | Parque Ecol\u00f3gico<\/p>\n<p><strong>Domingo (28)<\/strong><br \/>\n9h &#8211; Caf\u00e9 com Viola | Fernando &amp; Renato | Centro Cultural \u201cLeny de Oliveira Zurita\u201d<br \/>\n14h &#8211; Oficina | Interpreta\u00e7\u00e3o Teatral &#8211; Cia Teatral Proc\u00eanio | Centro Cultural \u201cLeny de Oliveira Zurita\u201d<br \/>\n15h &#8211; M\u00fasica no Lago | Grupo MDL | \u00c1rea dos Pedalinhos do Lago Municipal<br \/>\n17h &#8211; Coisas do Brasil | MPB | Pra\u00e7a \u201cBar\u00e3o de Araras\u201d<br \/>\n17h30 &#8211; Aero Rock | Interceptor | Aeroclube Municipal \u201cArmando Am\u00e9rico Fachini\u201d<br \/>\n19h &#8211; Grupo Reviver | Repert\u00f3rio Variado | Cal\u00e7ad\u00e3o \u201cMonsenhor Qu\u00e9rcia\u201d<br \/>\n19h30 &#8211; Dia Internacional de Anima\u00e7\u00e3o | Mostra de Curtas de Anima\u00e7\u00e3o | Centro Cultural \u201cLeny de Oliveira Zurita\u201d<br \/>\n20h &#8211; M\u00fasica nos Bairros | Ederson e Daniel | Pra\u00e7a do Jardim C\u00e2ndida<br \/>\n20h &#8211; Cooperativa de M\u00fasica \u201cMaestro Francisco Paulo Russo\u201d | Pra\u00e7a \u201cBar\u00e3o de Araras\u201d<br \/>\n21h &#8211; Chorinho do Bar\u00e3o | Pra\u00e7a \u201cBar\u00e3o de Araras\u201d<\/p>\n<p><em>Fonte: G1<\/em><\/p>\n\n<div style=\"font-size: 0px; height: 0px; line-height: 0px; margin: 0; padding: 0; clear: both;\"><\/div>","protected":false},"excerpt":{"rendered":"<p>Rap, oficinas e filmes de anima\u00e7\u00e3o est\u00e3o entre as atra\u00e7\u00f5es culturais para o fim de semana em Araras (SP). A programa\u00e7\u00e3o gratuita come\u00e7a nesta sexta-feira (26) com teatro Cordel da Cia Teatral Proc\u00eanio. No s\u00e1bado (27), o Festival \u201cAraras SP Gangsta Rap\u201d \u00e9 destaque no Parque Ecol\u00f3gico e Cultural \u201cGilberto Ruegger Ometto\u201d, a partir das 21h. O evento contar\u00e1 com a apresenta\u00e7\u00e3o dos grupos Transmiss\u00e3o, Comando R, Vil\u00f5es de Preto, Sistema Negro, Identidade Negra e Arsenal. No domingo (28), o destaque \u00e9 a Mostra Internacional de Anima\u00e7\u00e3o, que ser\u00e1 realizada simultaneamente em 200 cidades brasileiras, sendo a primeira vez em <\/p>\n","protected":false},"author":1,"featured_media":0,"comment_status":"open","ping_status":"closed","sticky":false,"template":"","format":"standard","meta":{"footnotes":""},"categories":[6],"tags":[14],"class_list":["post-588","post","type-post","status-publish","format-standard","hentry","category-noticias-araras","tag-araras"],"aioseo_notices":[],"_links":{"self":[{"href":"https:\/\/www.encontraararas.com.br\/sobre\/wp-json\/wp\/v2\/posts\/588","targetHints":{"allow":["GET"]}}],"collection":[{"href":"https:\/\/www.encontraararas.com.br\/sobre\/wp-json\/wp\/v2\/posts"}],"about":[{"href":"https:\/\/www.encontraararas.com.br\/sobre\/wp-json\/wp\/v2\/types\/post"}],"author":[{"embeddable":true,"href":"https:\/\/www.encontraararas.com.br\/sobre\/wp-json\/wp\/v2\/users\/1"}],"replies":[{"embeddable":true,"href":"https:\/\/www.encontraararas.com.br\/sobre\/wp-json\/wp\/v2\/comments?post=588"}],"version-history":[{"count":0,"href":"https:\/\/www.encontraararas.com.br\/sobre\/wp-json\/wp\/v2\/posts\/588\/revisions"}],"wp:attachment":[{"href":"https:\/\/www.encontraararas.com.br\/sobre\/wp-json\/wp\/v2\/media?parent=588"}],"wp:term":[{"taxonomy":"category","embeddable":true,"href":"https:\/\/www.encontraararas.com.br\/sobre\/wp-json\/wp\/v2\/categories?post=588"},{"taxonomy":"post_tag","embeddable":true,"href":"https:\/\/www.encontraararas.com.br\/sobre\/wp-json\/wp\/v2\/tags?post=588"}],"curies":[{"name":"wp","href":"https:\/\/api.w.org\/{rel}","templated":true}]}}