{"id":557,"date":"2012-10-18T05:00:00","date_gmt":"2012-10-18T07:00:00","guid":{"rendered":"http:\/\/www.encontraararas.com.br\/noticias\/?p=557"},"modified":"2019-04-29T18:32:24","modified_gmt":"2019-04-29T20:32:24","slug":"residencial-colombini-sera-entregue-em-novembro-em-araras","status":"publish","type":"post","link":"https:\/\/www.encontraararas.com.br\/sobre\/residencial-colombini-sera-entregue-em-novembro-em-araras\/","title":{"rendered":"Residencial Colombini ser\u00e1 entregue em novembro em Araras"},"content":{"rendered":"<div class=\"028300b157bd2076cd9869e154cabe36\" data-index=\"1\" style=\"float: none; margin:0px;\">\n<!-- Anuncio display - global -->\r\n<ins class=\"adsbygoogle\"\r\n     style=\"display:block\"\r\n     data-ad-client=\"ca-pub-8585364105181520\"\r\n     data-ad-slot=\"8789329856\"\r\n     data-ad-format=\"auto\"\r\n     data-full-width-responsive=\"true\"><\/ins>\r\n<script>\r\n     (adsbygoogle = window.adsbygoogle || []).push({});\r\n<\/script>\n<\/div>\n<p>A Emhaba (Empresa Municipal de Habita\u00e7\u00e3o de Araras) definiu a data para a entrega das chaves das 183 casas do 1\u00ba m\u00f3dulo do Residencial Warley Colombini, \u00e0s margens da avenida Luiz Carlos Tunes (Via Novela), na zona leste. O ato de entrega acontecer\u00e1 em 10 de novembro, mas o local para a cerim\u00f4nia ainda n\u00e3o foi definido. O processo para a vistoria dos im\u00f3veis est\u00e1 marcado para o dia 16 deste m\u00eas.<\/p>\n<p>Emhaba, <a href=\"http:\/\/www.encontraararas.com.br\/araras\/prefeitura-de-araras.shtml\" target=\"_blank\">Prefeitura Municipal de Araras<\/a> e a construtora Infrat\u00e9cnica (respons\u00e1vel pela obra) definiram o cronograma para a libera\u00e7\u00e3o dos im\u00f3veis. No dia 16 de outubro, as 183 fam\u00edlias dever\u00e3o comparecer no Gin\u00e1sio Municipal de Esporte Nelson Rugger para marcar um hor\u00e1rio para a vistoria das resid\u00eancias. Segundo o presidente da Emhaba, Jackson de Jesus, a vistoria ser\u00e1 feita por quadras.<\/p>\n<p>\u201cEste processo foi definido por datas, ent\u00e3o a fam\u00edlia precisa ir at\u00e9 o Gin\u00e1sio no dia 16, para marcar um hor\u00e1rio\u201d, orientou. A primeira vistoria est\u00e1 agendada para o dia 22, com as casas da quadra E. No dia seguinte, 23, ser\u00e1 a vez da quadra D. Em seguida, 24 (quadra C), 25 (quadra B) e 26 (quadra A). Para confirmar o hor\u00e1rio da vistoria, os futuros propriet\u00e1rios ter\u00e3o que apresentar o documento pessoal de identidade e o processo come\u00e7a a partir das 18 horas.<\/p>\n<p>Neste dia, funcion\u00e1rios do Saema (Servi\u00e7o Municipal de \u00c1gua, Esgoto e Meio Ambiente) estar\u00e3o no Gin\u00e1sio para tirar d\u00favidas e informar como ser\u00e1 o procedimento para a liga\u00e7\u00e3o do sistema de fornecimento de \u00e1gua. Na mesma ocasi\u00e3o, uma equipe da concession\u00e1ria de energia Elektro tamb\u00e9m vai tirar d\u00favidas e prestar esclarecimentos para os futuros moradores.<\/p>\n<p>Durante a vistoria, todos receber\u00e3o um kit com torneiras, sif\u00e3o das pias, objetos para o banheiro e um manual da resid\u00eancia. Este contar\u00e1 com as informa\u00e7\u00f5es sobre a casa, orienta\u00e7\u00f5es para a reforma e sobre o projeto arquitet\u00f4nico, que precisa ser obedecido. \u201cEste processo \u00e9 importante e a fam\u00edlia poder\u00e1 acompanhar e verificar se existem falhas que precisam de corre\u00e7\u00e3o\u201d, explicou.<\/p>\n<p>Entrega das chaves<\/p>\n<p>Com todas as 183 unidades praticamente conclu\u00eddas, a entrega das chaves dos im\u00f3veis tamb\u00e9m foi marcada e acontecer\u00e1 em 10 de novembro. O local, segundo Jackson, ainda n\u00e3o foi definido e ser\u00e1 anunciado nas pr\u00f3ximas semanas. Cogita-se que o ato da inaugura\u00e7\u00e3o aconte\u00e7a no Gin\u00e1sio de Esporte ou no Residencial. Toda a infraestrutura do bairro est\u00e1 conclu\u00edda, com asfalto, passeio para pedestres e arboriza\u00e7\u00e3o. O processo de instala\u00e7\u00e3o dos postes para a ilumina\u00e7\u00e3o p\u00fablica segue em fase de conclus\u00e3o, feito pela concession\u00e1ria de energia Elektro.<\/p>\n<p>Como \u00e9 o Residencial<\/p>\n<p>Ao todo s\u00e3o 518 casas e o 1\u00ba m\u00f3dulo conta com seis ruas e teve in\u00edcio em setembro do ano passado. Segundo a Infrat\u00e9cnica, a entrega do 2\u00ba m\u00f3dulo (250 casas), que est\u00e1 com 70% das obras conclu\u00eddas, est\u00e1 prevista para o final deste ano e o 3\u00ba (85 casas) apenas para mar\u00e7o de 2013. Cada im\u00f3vel possui 44,44 m\u00b2 cada, dois dormit\u00f3rios, sala, cozinha, banheiro e \u00e1rea de servi\u00e7o, e ser\u00e3o destinadas a fam\u00edlias com renda mensal de dois a quatro sal\u00e1rios m\u00ednimos. A metragem total do terreno \u00e9 de 160 m\u00b2, o que possibilita futuras amplia\u00e7\u00f5es.<\/p>\n<p>A \u00e1rea foi comprada em 2007 pelo ex-prefeito Luiz Carlos Meneghetti (PDT) e a articula\u00e7\u00e3o para constru\u00e7\u00e3o das casas foi feita pelo prefeito Nelson Brambilla (PT). O repasse do Governo Federal \u00e9 de mais de R$ 30 milh\u00f5es, o que garantir\u00e1 subs\u00eddios de at\u00e9 R$ 17 mil para as fam\u00edlias contempladas. O residencial \u00e9 voltado a fam\u00edlias com renda de dois a quatro sal\u00e1rios m\u00ednimos e o valor das mensalidades varia de R$ 220 a R$ 380, durante 20 a 25 anos, e custa R$ 58.388,00.<\/p>\n<p><em>Fonte: Tribuna do Povo<\/em><\/p>\n\n<div style=\"font-size: 0px; height: 0px; line-height: 0px; margin: 0; padding: 0; clear: both;\"><\/div>","protected":false},"excerpt":{"rendered":"<p>A Emhaba (Empresa Municipal de Habita\u00e7\u00e3o de Araras) definiu a data para a entrega das chaves das 183 casas do 1\u00ba m\u00f3dulo do Residencial Warley Colombini, \u00e0s margens da avenida Luiz Carlos Tunes (Via Novela), na zona leste. O ato de entrega acontecer\u00e1 em 10 de novembro, mas o local para a cerim\u00f4nia ainda n\u00e3o foi definido. O processo para a vistoria dos im\u00f3veis est\u00e1 marcado para o dia 16 deste m\u00eas. Emhaba, Prefeitura Municipal de Araras e a construtora Infrat\u00e9cnica (respons\u00e1vel pela obra) definiram o cronograma para a libera\u00e7\u00e3o dos im\u00f3veis. No dia 16 de outubro, as 183 fam\u00edlias <\/p>\n","protected":false},"author":1,"featured_media":0,"comment_status":"open","ping_status":"closed","sticky":false,"template":"","format":"standard","meta":{"footnotes":""},"categories":[6,8],"tags":[14],"class_list":["post-557","post","type-post","status-publish","format-standard","hentry","category-noticias-araras","category-servicos-araras","tag-araras"],"aioseo_notices":[],"_links":{"self":[{"href":"https:\/\/www.encontraararas.com.br\/sobre\/wp-json\/wp\/v2\/posts\/557","targetHints":{"allow":["GET"]}}],"collection":[{"href":"https:\/\/www.encontraararas.com.br\/sobre\/wp-json\/wp\/v2\/posts"}],"about":[{"href":"https:\/\/www.encontraararas.com.br\/sobre\/wp-json\/wp\/v2\/types\/post"}],"author":[{"embeddable":true,"href":"https:\/\/www.encontraararas.com.br\/sobre\/wp-json\/wp\/v2\/users\/1"}],"replies":[{"embeddable":true,"href":"https:\/\/www.encontraararas.com.br\/sobre\/wp-json\/wp\/v2\/comments?post=557"}],"version-history":[{"count":0,"href":"https:\/\/www.encontraararas.com.br\/sobre\/wp-json\/wp\/v2\/posts\/557\/revisions"}],"wp:attachment":[{"href":"https:\/\/www.encontraararas.com.br\/sobre\/wp-json\/wp\/v2\/media?parent=557"}],"wp:term":[{"taxonomy":"category","embeddable":true,"href":"https:\/\/www.encontraararas.com.br\/sobre\/wp-json\/wp\/v2\/categories?post=557"},{"taxonomy":"post_tag","embeddable":true,"href":"https:\/\/www.encontraararas.com.br\/sobre\/wp-json\/wp\/v2\/tags?post=557"}],"curies":[{"name":"wp","href":"https:\/\/api.w.org\/{rel}","templated":true}]}}