{"id":44,"date":"2012-02-09T13:34:05","date_gmt":"2012-02-09T15:34:05","guid":{"rendered":"http:\/\/www.encontraararas.com.br\/noticias\/?p=44"},"modified":"2019-04-29T18:33:28","modified_gmt":"2019-04-29T20:33:28","slug":"municipes-de-araras-com-nivel-superior-podem-se-inscrever-para-curso-de-pedagogia","status":"publish","type":"post","link":"https:\/\/www.encontraararas.com.br\/sobre\/municipes-de-araras-com-nivel-superior-podem-se-inscrever-para-curso-de-pedagogia\/","title":{"rendered":"Mun\u00edcipes de Araras com n\u00edvel superior podem se inscrever para curso de pedagogia"},"content":{"rendered":"<div class=\"028300b157bd2076cd9869e154cabe36\" data-index=\"1\" style=\"float: none; margin:0px;\">\n<!-- Anuncio display - global -->\r\n<ins class=\"adsbygoogle\"\r\n     style=\"display:block\"\r\n     data-ad-client=\"ca-pub-8585364105181520\"\r\n     data-ad-slot=\"8789329856\"\r\n     data-ad-format=\"auto\"\r\n     data-full-width-responsive=\"true\"><\/ins>\r\n<script>\r\n     (adsbygoogle = window.adsbygoogle || []).push({});\r\n<\/script>\n<\/div>\n<p>O p\u00f3lo da UAB (Universidade Aberta do Brasil) da cidade de \u00a0Araras abriu inscri\u00e7\u00f5es na \u00faltima segunda-feira (6) para o processo seletivo de licenciatura em pedagogia. Ser\u00e3o 50 vagas direcionadas aos mun\u00edcipes que conclu\u00edram o ensino m\u00e9dio, mas quem tem ensino superior tamb\u00e9m podem concorrer \u00e0s vagas.<\/p>\n<p>O curso ser\u00e1 realizado na modalidade semipresencial pela Universidade Federal de Alfenas (Unifal\/MG).<\/p>\n<p>Segundo o coordenador \u00c9ber Mariano, o p\u00f3lo da UAB tamb\u00e9m vai disponibilizar o laborat\u00f3rio de inform\u00e1tica para o candidato se inscrever no processo seletivo.<\/p>\n<p>As inscri\u00e7\u00f5es seguem at\u00e9 o dia 1\u00ba de mar\u00e7o e ser\u00e3o realizadas exclusivamente pela Internet, pelo site unifal-mg.edu.br\/cead. O candidato dever\u00e1 acessar a p\u00e1gina, preencher o requerimento de inscri\u00e7\u00e3o e imprimir o boleto banc\u00e1rio, gerado pelo pr\u00f3prio sistema, para pagamento da taxa no valor de R$ 40,00.<\/p>\n<p>A Unifal conceder\u00e1 isen\u00e7\u00e3o da taxa de inscri\u00e7\u00e3o para candidatos que comprovarem n\u00e3o possuir condi\u00e7\u00f5es financeiras. Para isso, eles dever\u00e3o estar inscritos no Cadastro \u00danico para Programas Sociais do Governo Federal (Cad\u00danico).<\/p>\n<p>A prova para o processo seletivo ser\u00e1 realizada no dia 25 de mar\u00e7o, das 8h \u00e0s 12h, em Araras. Mais informa\u00e7\u00f5es podem ser obtidas no p\u00f3lo da UAB, localizado na Alameda Clementino Dalla Costa, 402, no Jardim Belvedere, ao lado do Gin\u00e1sio de Esporte \u201cNelson R\u00fcegger\u201d, ou pelo telefone 3547-9696.<\/p>\n<p>Fonte: <em>Prefeitura de Araras<\/em><\/p>\n<div><\/div>\n\n<div style=\"font-size: 0px; height: 0px; line-height: 0px; margin: 0; padding: 0; clear: both;\"><\/div>","protected":false},"excerpt":{"rendered":"<p>O p\u00f3lo da UAB (Universidade Aberta do Brasil) da cidade de \u00a0Araras abriu inscri\u00e7\u00f5es na \u00faltima segunda-feira (6) para o processo seletivo de licenciatura em pedagogia. Ser\u00e3o 50 vagas direcionadas aos mun\u00edcipes que conclu\u00edram o ensino m\u00e9dio, mas quem tem ensino superior tamb\u00e9m podem concorrer \u00e0s vagas. O curso ser\u00e1 realizado na modalidade semipresencial pela Universidade Federal de Alfenas (Unifal\/MG). Segundo o coordenador \u00c9ber Mariano, o p\u00f3lo da UAB tamb\u00e9m vai disponibilizar o laborat\u00f3rio de inform\u00e1tica para o candidato se inscrever no processo seletivo. As inscri\u00e7\u00f5es seguem at\u00e9 o dia 1\u00ba de mar\u00e7o e ser\u00e3o realizadas exclusivamente pela Internet, pelo <\/p>\n","protected":false},"author":1,"featured_media":0,"comment_status":"open","ping_status":"closed","sticky":false,"template":"","format":"standard","meta":{"footnotes":""},"categories":[8],"tags":[14],"class_list":["post-44","post","type-post","status-publish","format-standard","hentry","category-servicos-araras","tag-araras"],"aioseo_notices":[],"_links":{"self":[{"href":"https:\/\/www.encontraararas.com.br\/sobre\/wp-json\/wp\/v2\/posts\/44","targetHints":{"allow":["GET"]}}],"collection":[{"href":"https:\/\/www.encontraararas.com.br\/sobre\/wp-json\/wp\/v2\/posts"}],"about":[{"href":"https:\/\/www.encontraararas.com.br\/sobre\/wp-json\/wp\/v2\/types\/post"}],"author":[{"embeddable":true,"href":"https:\/\/www.encontraararas.com.br\/sobre\/wp-json\/wp\/v2\/users\/1"}],"replies":[{"embeddable":true,"href":"https:\/\/www.encontraararas.com.br\/sobre\/wp-json\/wp\/v2\/comments?post=44"}],"version-history":[{"count":0,"href":"https:\/\/www.encontraararas.com.br\/sobre\/wp-json\/wp\/v2\/posts\/44\/revisions"}],"wp:attachment":[{"href":"https:\/\/www.encontraararas.com.br\/sobre\/wp-json\/wp\/v2\/media?parent=44"}],"wp:term":[{"taxonomy":"category","embeddable":true,"href":"https:\/\/www.encontraararas.com.br\/sobre\/wp-json\/wp\/v2\/categories?post=44"},{"taxonomy":"post_tag","embeddable":true,"href":"https:\/\/www.encontraararas.com.br\/sobre\/wp-json\/wp\/v2\/tags?post=44"}],"curies":[{"name":"wp","href":"https:\/\/api.w.org\/{rel}","templated":true}]}}