{"id":318,"date":"2012-07-02T12:25:57","date_gmt":"2012-07-02T14:25:57","guid":{"rendered":"http:\/\/www.encontraararas.com.br\/noticias\/?p=318"},"modified":"2019-04-29T18:33:01","modified_gmt":"2019-04-29T20:33:01","slug":"parceria-garante-reflorestamento-do-parque-linear-do-corrego-andrezinho-em-araras","status":"publish","type":"post","link":"https:\/\/www.encontraararas.com.br\/sobre\/parceria-garante-reflorestamento-do-parque-linear-do-corrego-andrezinho-em-araras\/","title":{"rendered":"Parceria garante reflorestamento do Parque Linear do C\u00f3rrego Andrezinho em Araras"},"content":{"rendered":"<div class=\"028300b157bd2076cd9869e154cabe36\" data-index=\"1\" style=\"float: none; margin:0px;\">\n<!-- Anuncio display - global -->\r\n<ins class=\"adsbygoogle\"\r\n     style=\"display:block\"\r\n     data-ad-client=\"ca-pub-8585364105181520\"\r\n     data-ad-slot=\"8789329856\"\r\n     data-ad-format=\"auto\"\r\n     data-full-width-responsive=\"true\"><\/ins>\r\n<script>\r\n     (adsbygoogle = window.adsbygoogle || []).push({});\r\n<\/script>\n<\/div>\n<p>\u00c1reas p\u00fablicas da cidade de Araras foram reflorestadas a partir de parceria entre a Prefeitura Municipal e a iniciativa privada, com a Nestl\u00e9.<\/p>\n<p>As \u00e1rvores foram plantadas no Parque Linear do C\u00f3rrego do Andrezinho, ao longo da Avenida \u201cMilton Severino\u201d e \u00e0s margens da Represa \u201cHerm\u00ednio Ometto\u201d.<\/p>\n<p>Foram mais de 16 mil mudas de esp\u00e9cies nativas doadas pela Nestl\u00e9, em cumprimento a um termo de compromisso firmado com a Cetesb (Companhia de Tecnologia de Saneamento Ambiental) do Estado de S\u00e3o Paulo.<\/p>\n<p>A <a title=\"Prefeitura de Araras\" href=\"http:\/\/www.encontraararas.com.br\/araras\/prefeitura-de-araras.shtml\" target=\"_blank\">Prefeitura de Araras<\/a> indicou as \u00e1reas dispon\u00edveis para o reflorestamento, que somam, ao todo, 10 hectares. A Cetesb avaliou e aprovou os locais.<\/p>\n<p>Fonte: <em>Prefeitura de Araras<\/em><\/p>\n\n<div style=\"font-size: 0px; height: 0px; line-height: 0px; margin: 0; padding: 0; clear: both;\"><\/div>","protected":false},"excerpt":{"rendered":"<p>\u00c1reas p\u00fablicas da cidade de Araras foram reflorestadas a partir de parceria entre a Prefeitura Municipal e a iniciativa privada, com a Nestl\u00e9. As \u00e1rvores foram plantadas no Parque Linear do C\u00f3rrego do Andrezinho, ao longo da Avenida \u201cMilton Severino\u201d e \u00e0s margens da Represa \u201cHerm\u00ednio Ometto\u201d. Foram mais de 16 mil mudas de esp\u00e9cies nativas doadas pela Nestl\u00e9, em cumprimento a um termo de compromisso firmado com a Cetesb (Companhia de Tecnologia de Saneamento Ambiental) do Estado de S\u00e3o Paulo. A Prefeitura de Araras indicou as \u00e1reas dispon\u00edveis para o reflorestamento, que somam, ao todo, 10 hectares. A Cetesb <\/p>\n","protected":false},"author":1,"featured_media":0,"comment_status":"open","ping_status":"closed","sticky":false,"template":"","format":"standard","meta":{"footnotes":""},"categories":[6],"tags":[14],"class_list":["post-318","post","type-post","status-publish","format-standard","hentry","category-noticias-araras","tag-araras"],"aioseo_notices":[],"_links":{"self":[{"href":"https:\/\/www.encontraararas.com.br\/sobre\/wp-json\/wp\/v2\/posts\/318","targetHints":{"allow":["GET"]}}],"collection":[{"href":"https:\/\/www.encontraararas.com.br\/sobre\/wp-json\/wp\/v2\/posts"}],"about":[{"href":"https:\/\/www.encontraararas.com.br\/sobre\/wp-json\/wp\/v2\/types\/post"}],"author":[{"embeddable":true,"href":"https:\/\/www.encontraararas.com.br\/sobre\/wp-json\/wp\/v2\/users\/1"}],"replies":[{"embeddable":true,"href":"https:\/\/www.encontraararas.com.br\/sobre\/wp-json\/wp\/v2\/comments?post=318"}],"version-history":[{"count":0,"href":"https:\/\/www.encontraararas.com.br\/sobre\/wp-json\/wp\/v2\/posts\/318\/revisions"}],"wp:attachment":[{"href":"https:\/\/www.encontraararas.com.br\/sobre\/wp-json\/wp\/v2\/media?parent=318"}],"wp:term":[{"taxonomy":"category","embeddable":true,"href":"https:\/\/www.encontraararas.com.br\/sobre\/wp-json\/wp\/v2\/categories?post=318"},{"taxonomy":"post_tag","embeddable":true,"href":"https:\/\/www.encontraararas.com.br\/sobre\/wp-json\/wp\/v2\/tags?post=318"}],"curies":[{"name":"wp","href":"https:\/\/api.w.org\/{rel}","templated":true}]}}