{"id":2208,"date":"2026-05-01T07:49:31","date_gmt":"2026-05-01T10:49:31","guid":{"rendered":"https:\/\/www.encontraararas.com.br\/sobre\/veja-o-que-abre-e-fecha-no-feriado-do-dia-do-trabalho\/"},"modified":"2026-05-01T07:49:31","modified_gmt":"2026-05-01T10:49:31","slug":"veja-o-que-abre-e-fecha-no-feriado-do-dia-do-trabalho","status":"publish","type":"post","link":"https:\/\/www.encontraararas.com.br\/sobre\/veja-o-que-abre-e-fecha-no-feriado-do-dia-do-trabalho\/","title":{"rendered":"Veja o que abre e fecha no feriado do \u201cDia do Trabalho\u201d"},"content":{"rendered":"<div class=\"028300b157bd2076cd9869e154cabe36\" data-index=\"1\" style=\"float: none; margin:0px;\">\n<!-- Anuncio display - global -->\r\n<ins class=\"adsbygoogle\"\r\n     style=\"display:block\"\r\n     data-ad-client=\"ca-pub-8585364105181520\"\r\n     data-ad-slot=\"8789329856\"\r\n     data-ad-format=\"auto\"\r\n     data-full-width-responsive=\"true\"><\/ins>\r\n<script>\r\n     (adsbygoogle = window.adsbygoogle || []).push({});\r\n<\/script>\n<\/div>\n<h2>Hor\u00e1rios de Funcionamento das Reparti\u00e7\u00f5es<\/h2>\n<p>Decorrente do &#8220;Dia do Trabalho&#8221; celebrado em 1\u00b0 de maio, as reparti\u00e7\u00f5es p\u00fablicas em Araras n\u00e3o estar\u00e3o em opera\u00e7\u00e3o nesta sexta-feira. As atividades retornar\u00e3o normalmente na segunda-feira, 4 de maio, a partir das 8h. Essa pausa \u00e9 observada todos os anos para reconhecer a import\u00e2ncia do trabalho e das conquistas dos trabalhadores.<\/p>\n<h2>Coleta de Lixo no Dia do Trabalho<\/h2>\n<p>A boa not\u00edcia \u00e9 que a coleta de lixo domiciliar ocorrer\u00e1 regularmente mesmo durante o feriado. A Secretaria Municipal de Servi\u00e7os P\u00fablicos garantiu que n\u00e3o haver\u00e1 interrup\u00e7\u00e3o nesse servi\u00e7o essencial, assegurando que a cidade mantenha sua limpeza e organiza\u00e7\u00e3o.<\/p>\n<h2>Funcionamento dos Transportes Coletivos<\/h2>\n<p>No que diz respeito ao transporte coletivo, os \u00f4nibus do SMTCA (Servi\u00e7o Municipal de Transportes Coletivos de Araras) oferecer\u00e3o um cronograma semelhante ao de domingo, com intervalos de 1h20 entre cada ve\u00edculo. \u00c9 uma oportunidade para quem precisa se deslocar na cidade durante o feriado sem grandes transtornos.<\/p>\n<p><img decoding=\"async\" src=\"https:\/\/www.encontraararas.com.br\/sobre\/wp-content\/uploads\/2026\/05\/veja-o-que-abre-e-fecha-no-feriado-do-dia-do-trabalho.webp\" alt=\"Dia do Trabalho\" loading=\"lazy\" \/><\/p>\n<h2>Servi\u00e7os Essenciais que Permanecem Abertos<\/h2>\n<p>Alguns servi\u00e7os vitais continuar\u00e3o a funcionar no feriado, garantindo atendimento \u00e0 popula\u00e7\u00e3o. O Samu, o Pronto Socorro do Hospital S\u00e3o Leopoldo Mandic, a UPA 24h e as rondas da Guarda Civil Municipal estar\u00e3o operacionais. Al\u00e9m disso, os servi\u00e7os de emerg\u00eancia do Saema (Servi\u00e7o de \u00c1gua e Esgoto do Munic\u00edpio de Araras) estar\u00e3o \u00e0 disposi\u00e7\u00e3o para atender qualquer situa\u00e7\u00e3o emergencial que possa surgir.<\/p>\n<h2>Informa\u00e7\u00f5es sobre o Pronto Socorro<\/h2>\n<p>O Pronto Socorro do Hospital S\u00e3o Leopoldo Mandic manter\u00e1 atendimento regular. Os cidad\u00e3os que necessitarem de cuidados m\u00e9dicos de urg\u00eancia poder\u00e3o contar com a equipe de profissionais que estar\u00e1 de plant\u00e3o, pronta para oferecer o suporte necess\u00e1rio. \u00c9 importante estar ciente de que, em casos mais graves, a agilidade na busca por assist\u00eancia pode fazer toda a diferen\u00e7a.<\/p>\n<h2>Como Acesso aos Servi\u00e7os de Emerg\u00eancia<\/h2>\n<p>Em situa\u00e7\u00f5es de emerg\u00eancia, \u00e9 fundamental que os cidad\u00e3os saibam como acessar os servi\u00e7os dispon\u00edveis. Aqui est\u00e3o algumas dicas:<\/p>\n<ul>\n<li><strong>Telefone:<\/strong> Utilize sempre o n\u00famero 192 para contatar o Samu em casos de emerg\u00eancias m\u00e9dicas.<\/li>\n<li><strong>Localiza\u00e7\u00e3o:<\/strong> Identifique o hospital mais pr\u00f3ximo e os hor\u00e1rios de funcionamento para saber onde se dirigir se precisar de atendimento.<\/li>\n<li><strong>Informa\u00e7\u00f5es:<\/strong> Consulte a p\u00e1gina oficial da Prefeitura ou o aplicativo que concentra informa\u00e7\u00f5es sobre os servi\u00e7os de emerg\u00eancia para obter dados atualizados e precisos.<\/li>\n<\/ul>\n<h2>Hor\u00e1rios de Funcionamento dos Com\u00e9rcios Locais<\/h2>\n<p>Os estabelecimentos comerciais da cidade, em sua maioria, tamb\u00e9m podem ter hor\u00e1rios diferenciados neste feriado. \u00c9 recomend\u00e1vel que os consumidores verifiquem com anteced\u00eancia quais lojas estar\u00e3o abertas e seus hor\u00e1rios espec\u00edficos. Dessa forma, \u00e9 poss\u00edvel evitar contratempos ao procurar servi\u00e7os ou produtos durante o &#8220;Dia do Trabalho&#8221;.<\/p>\n<h2>O que Fazer em Araras no Feriado<\/h2>\n<p>Para quem procura op\u00e7\u00f5es de lazer em Araras durante o feriado, v\u00e1rias atividades podem ser interessantes:<\/p>\n<ul>\n<li><strong>Passeios nos Parques:<\/strong> Os parques da cidade oferecem um espa\u00e7o agrad\u00e1vel para caminhadas e piqueniques com a fam\u00edlia.<\/li>\n<li><strong>Visitas a Museus:<\/strong> \u00c9 uma \u00f3tima oportunidade para explorar a cultura local. Verifique quais museus estar\u00e3o abertos no dia.<\/li>\n<li><strong>Eventos Locais:<\/strong> Fique de olho em eventos que podem estar programados para acontecer, como feiras de artesanato e apresenta\u00e7\u00f5es culturais.<\/li>\n<\/ul>\n<h2>Recomenda\u00e7\u00f5es para o Dia do Trabalho<\/h2>\n<p>Ao aproveitar o &#8220;Dia do Trabalho&#8221;, \u00e9 importante considerar algumas recomenda\u00e7\u00f5es pr\u00e1ticas:<\/p>\n<ul>\n<li><strong>Planejamento:<\/strong> Organize com anteced\u00eancia suas atividades para que o dia transcorra de maneira tranquila.<\/li>\n<li><strong>Seguran\u00e7a:<\/strong> Mantenha sempre os cuidados de seguran\u00e7a, principalmente se estiver fora de casa.<\/li>\n<li><strong>Atividades em Fam\u00edlia:<\/strong> Busque atividades que envolvam todos os membros da fam\u00edlia, desde jogos at\u00e9 piqueniques no parque.<\/li>\n<\/ul>\n<h2>Como Aproveitar o Feriado em Fam\u00edlia<\/h2>\n<p>Passar o feriado com a fam\u00edlia pode ser uma excelente oportunidade para fortalecer la\u00e7os. Aqui est\u00e3o algumas ideias:<\/p>\n<ul>\n<li><strong>Atividades ao Ar Livre:<\/strong> Programem um dia em um parque ou uma trilha para desfrutar da natureza juntos.<\/li>\n<li><strong>Culin\u00e1ria em Fam\u00edlia:<\/strong> Preparem juntos uma refei\u00e7\u00e3o, envolvendo todos na escolha do prato e no modo de preparo.<\/li>\n<li><strong>Jogos de Tabuleiro ou V\u00eddeo Games:<\/strong> Re\u00fanam-se para uma sess\u00e3o de jogos, sendo uma \u00f3tima forma de passar horas divertidas juntos.<\/li>\n<\/ul>\n<p>Com essas op\u00e7\u00f5es e informa\u00e7\u00f5es, o &#8220;Dia do Trabalho&#8221; pode ser um momento de descanso e conviv\u00eancia em fam\u00edlia, respeitando a import\u00e2ncia da data enquanto se diverte na cidade. Aproveite o feriado com responsabilidade e boa companhia!<\/p>\n\n<div style=\"font-size: 0px; height: 0px; line-height: 0px; margin: 0; padding: 0; clear: both;\"><\/div>","protected":false},"excerpt":{"rendered":"<p>Dia do Trabalho em Araras: descubra o que estar\u00e1 aberto e fechado neste feriado.<\/p>\n","protected":false},"author":1,"featured_media":2207,"comment_status":"open","ping_status":"closed","sticky":false,"template":"","format":"standard","meta":{"footnotes":""},"categories":[6],"tags":[],"class_list":["post-2208","post","type-post","status-publish","format-standard","has-post-thumbnail","hentry","category-noticias-araras","has_thumb"],"aioseo_notices":[],"_links":{"self":[{"href":"https:\/\/www.encontraararas.com.br\/sobre\/wp-json\/wp\/v2\/posts\/2208","targetHints":{"allow":["GET"]}}],"collection":[{"href":"https:\/\/www.encontraararas.com.br\/sobre\/wp-json\/wp\/v2\/posts"}],"about":[{"href":"https:\/\/www.encontraararas.com.br\/sobre\/wp-json\/wp\/v2\/types\/post"}],"author":[{"embeddable":true,"href":"https:\/\/www.encontraararas.com.br\/sobre\/wp-json\/wp\/v2\/users\/1"}],"replies":[{"embeddable":true,"href":"https:\/\/www.encontraararas.com.br\/sobre\/wp-json\/wp\/v2\/comments?post=2208"}],"version-history":[{"count":0,"href":"https:\/\/www.encontraararas.com.br\/sobre\/wp-json\/wp\/v2\/posts\/2208\/revisions"}],"wp:featuredmedia":[{"embeddable":true,"href":"https:\/\/www.encontraararas.com.br\/sobre\/wp-json\/wp\/v2\/media\/2207"}],"wp:attachment":[{"href":"https:\/\/www.encontraararas.com.br\/sobre\/wp-json\/wp\/v2\/media?parent=2208"}],"wp:term":[{"taxonomy":"category","embeddable":true,"href":"https:\/\/www.encontraararas.com.br\/sobre\/wp-json\/wp\/v2\/categories?post=2208"},{"taxonomy":"post_tag","embeddable":true,"href":"https:\/\/www.encontraararas.com.br\/sobre\/wp-json\/wp\/v2\/tags?post=2208"}],"curies":[{"name":"wp","href":"https:\/\/api.w.org\/{rel}","templated":true}]}}