{"id":2206,"date":"2026-04-30T08:02:45","date_gmt":"2026-04-30T11:02:45","guid":{"rendered":"https:\/\/www.encontraararas.com.br\/sobre\/feriado-de-dia-do-trabalhador-veja-o-que-abre-e-o-que-fecha-no-1o-de-maio-no-interior-de-sp\/"},"modified":"2026-04-30T08:02:45","modified_gmt":"2026-04-30T11:02:45","slug":"feriado-de-dia-do-trabalhador-veja-o-que-abre-e-o-que-fecha-no-1o-de-maio-no-interior-de-sp","status":"publish","type":"post","link":"https:\/\/www.encontraararas.com.br\/sobre\/feriado-de-dia-do-trabalhador-veja-o-que-abre-e-o-que-fecha-no-1o-de-maio-no-interior-de-sp\/","title":{"rendered":"Feriado de Dia do Trabalhador: veja o que abre e o que fecha no 1\u00ba de maio no interior de SP"},"content":{"rendered":"<div class=\"028300b157bd2076cd9869e154cabe36\" data-index=\"1\" style=\"float: none; margin:0px;\">\n<!-- Anuncio display - global -->\r\n<ins class=\"adsbygoogle\"\r\n     style=\"display:block\"\r\n     data-ad-client=\"ca-pub-8585364105181520\"\r\n     data-ad-slot=\"8789329856\"\r\n     data-ad-format=\"auto\"\r\n     data-full-width-responsive=\"true\"><\/ins>\r\n<script>\r\n     (adsbygoogle = window.adsbygoogle || []).push({});\r\n<\/script>\n<\/div>\n<h2>O que abre em Araras no feriado<\/h2>\n<p>No feriado do Dia do Trabalhador, celebrado em 1\u00ba de maio, alguns servi\u00e7os essenciais em Araras estar\u00e3o em funcionamento. Abaixo est\u00e3o listados os servi\u00e7os que estar\u00e3o dispon\u00edveis para a popula\u00e7\u00e3o:<\/p>\n<ul>\n<li><strong>Pronto Socorro do Hospital S\u00e3o Leopoldo Mandic:<\/strong> Este servi\u00e7o de sa\u00fade estar\u00e1 funcionando normalmente durante o feriado.<\/li>\n<li><strong>UPA &#8211; Unidade de Pronto Atendimento 24h:<\/strong> Dispon\u00edvel para emerg\u00eancias e atendimentos m\u00e9dicos, operando em regime de plant\u00e3o.<\/li>\n<li><strong>Guarda Civil Municipal:<\/strong> Atuando para garantir a seguran\u00e7a durante o feriado.<\/li>\n<li><strong>SAMU:<\/strong> Servi\u00e7o de Atendimento M\u00f3vel de Urg\u00eancia estar\u00e1 \u00e0 disposi\u00e7\u00e3o da popula\u00e7\u00e3o 24 horas.<\/li>\n<li><strong>Coleta de Lixo:<\/strong> O servi\u00e7o de coleta de res\u00edduos funcionar\u00e1 normalmente no s\u00e1bado.<\/li>\n<li><strong>Atendimentos de Emerg\u00eancia do Servi\u00e7o de \u00c1gua e Esgoto do Munic\u00edpio de Araras (Saema):<\/strong> Manuten\u00e7\u00e3o dos servi\u00e7os de \u00e1gua e esgoto ser\u00e1 feita em casos de emerg\u00eancia.<\/li>\n<li><strong>Transporte Coletivo Municipal:<\/strong> O servi\u00e7o funcionar\u00e1 com intervalos programados de 1h20.<\/li>\n<\/ul>\n<p>Esses servi\u00e7os s\u00e3o cruciais para o bem-estar da comunidade durante os feriados, assegurando que a popula\u00e7\u00e3o tenha acesso a cuidados m\u00e9dicos e seguran\u00e7a.<\/p>\n<h2>Hor\u00e1rios de funcionamento de servi\u00e7os estaduais<\/h2>\n<p>Os servi\u00e7os estaduais, importantes para a gest\u00e3o p\u00fablica e atendimento ao cidad\u00e3o, tamb\u00e9m ter\u00e3o suas opera\u00e7\u00f5es alteradas no feriado. No dia 1\u00ba de maio:<\/p>\n<p><img decoding=\"async\" src=\"https:\/\/www.encontraararas.com.br\/sobre\/wp-content\/uploads\/2026\/04\/feriado-de-dia-do-trabalhador-veja-o-que-abre-e-o-que-fecha-no-1-de-maio-no-interior-de-sp.webp\" alt=\"Feriado de Dia do Trabalhador\" loading=\"lazy\" \/><\/p>\n<ul>\n<li><strong>Poupatempo:<\/strong> As unidades estar\u00e3o fechadas para atendimento presencial, retomando as atividades no s\u00e1bado, dia 3, em seus hor\u00e1rios habituais. Contudo, os servi\u00e7os online estar\u00e3o acess\u00edveis 24 horas por dia.<\/li>\n<\/ul>\n<p>Os cidad\u00e3os s\u00e3o encorajados a utilizar os servi\u00e7os digitais do Poupatempo, que operam continuamente, facilitando diversas solicita\u00e7\u00f5es sem necessidade de deslocamento.<\/p>\n<h2>Servi\u00e7os municipais dispon\u00edveis<\/h2>\n<p>Durante o feriado em Araras, alguns servi\u00e7os municipais permanecer\u00e3o abertos. A lista a seguir destaca os principais servi\u00e7os dispon\u00edveis:<\/p>\n<ul>\n<li><strong>Pronto Socorro do Hospital S\u00e3o Leopoldo Mandic:<strong> Emerg\u00eancias ser\u00e3o atendidas normalmente.<\/li>\n<li><strong>UPA &#8211; Unidade de Pronto Atendimento:<\/strong> Trabalhar\u00e1 em regime 24 horas para atender casos urgentes.<\/li>\n<li><strong>SAMU:<\/strong> O Servi\u00e7o de Atendimento M\u00f3vel de Urg\u00eancia estar\u00e1 em opera\u00e7\u00e3o cont\u00ednua.<\/li>\n<li><strong>Guarda Municipal:<\/strong> Garantir\u00e1 a seguran\u00e7a p\u00fablica durante todo o feriado.<\/li>\n<li><strong>Coleta de Res\u00edduos:<\/strong> O servi\u00e7o de coleta de lixo funcionar\u00e1 de maneira regular.<\/li>\n<\/ul>\n<p>A presen\u00e7a desses servi\u00e7os garante que a popula\u00e7\u00e3o possa ter acesso a atendimento m\u00e9dico e seguran\u00e7a, mesmo durante o feriado.<\/p>\n<h2>Aten\u00e7\u00e3o com os bancos na data<\/h2>\n<p>No Dia do Trabalhador, as ag\u00eancias banc\u00e1rias estar\u00e3o fechadas para atendimento presencial, conforme informado pela Federa\u00e7\u00e3o Brasileira de Bancos (Febraban). \u00c9 importante ressaltar que:<\/p>\n<ul>\n<li><strong>Compensa\u00e7\u00e3o Banc\u00e1ria:<\/strong> N\u00e3o haver\u00e1 compensa\u00e7\u00e3o banc\u00e1ria neste dia, afetando impulsos financeiros como transfer\u00eancias via TED.<\/li>\n<li><strong>Funcionamento do PIX:<\/strong> As transa\u00e7\u00f5es atrav\u00e9s do sistema PIX se manter\u00e3o dispon\u00edveis 24 horas, permitindo transfer\u00eancias a qualquer momento.<\/li>\n<\/ul>\n<p>Os cidad\u00e3os devem se programar com anteced\u00eancia para evitar inconvenientes relacionados aos servi\u00e7os banc\u00e1rios durante o feriado.<\/p>\n<h2>O que voc\u00ea precisa saber sobre a UPA<\/h2>\n<p>As Unidades de Pronto Atendimento (UPA) desempenham um papel vital na assist\u00eancia \u00e0 sa\u00fade, especialmente durante feriados, quando a demanda por servi\u00e7os m\u00e9dicos pode aumentar. No dia 1\u00ba de maio, as UPAs em Araraquara, por exemplo, estar\u00e3o abertas, oferecendo atendimento ininterrupto. Confira os endere\u00e7os:<\/p>\n<ul>\n<li><strong>UPA Central:<\/strong> Localizada na Avenida Maria Antonia Camargo de Oliveira, Vila Velosa, com atendimento 24 horas.<\/li>\n<li><strong>UPA Valle Verde:<\/strong> Situada na Rua Henrique Jo\u00e3o Baptista Crisci, s\/n\u00ba, com atendimento tamb\u00e9m 24 horas.<\/li>\n<li><strong>UPA Vila Xavier:<\/strong> Endere\u00e7o na Rua Jos\u00e9 do Patroc\u00ednio, 660, oferecendo atendimento cont\u00ednuo.<\/li>\n<\/ul>\n<p>Essas unidades s\u00e3o preparadas para atender casos urgentes, proporcionando \u00e0 popula\u00e7\u00e3o um acesso fundamental \u00e0 sa\u00fade.<\/p>\n<h2>Funcionamento do com\u00e9rcio na sexta-feira<\/h2>\n<p>No 1\u00ba de maio, o com\u00e9rcio em Araras, Araraquara e Rio Claro estar\u00e1 fechado, com retorno previsto na manh\u00e3 do dia 2, s\u00e1bado, conforme os hor\u00e1rios convencionais:<\/p>\n<p>O com\u00e9rcio retomar\u00e1 suas atividades no s\u00e1bado, abrindo em hor\u00e1rio regular, das 9h \u00e0s 13h. Este fechamento \u00e9 um reconhecimento da import\u00e2ncia do feriado para trabalhadores e empresas, promovendo um momento de descanso e celebra\u00e7\u00e3o.<\/p>\n<h2>Servi\u00e7os essenciais em Araraquara<\/h2>\n<p>Em Araraquara, os servi\u00e7os essenciais tamb\u00e9m ser\u00e3o afetados pelo feriado do Dia do Trabalhador. Confira abaixo o que estar\u00e1 aberto:<\/p>\n<ul>\n<li><strong>UPA Central:<\/strong> Atendimento 24 horas para urg\u00eancias.<\/li>\n<li><strong>UPA Valle Verde:<\/strong> Atendimento 24 horas dispon\u00edvel para casos emergenciais.<\/li>\n<li><strong>UPA Vila Xavier:<\/strong> Tamb\u00e9m abrir\u00e1 suas portas para atendimento 24 horas.<\/li>\n<li><strong>SAMU:<\/strong> Servi\u00e7o funcionar\u00e1 24h, oferecendo suporte \u00e0 popula\u00e7\u00e3o via telefone 192.<\/li>\n<li><strong>Casa de Acolhida:<\/strong> Servi\u00e7o dispon\u00edvel 24 horas, com contatos para atendimentos emergenciais.<\/li>\n<\/ul>\n<p>Esses servi\u00e7os s\u00e3o essenciais para garantir a sa\u00fade e a seguran\u00e7a da popula\u00e7\u00e3o em momentos cr\u00edticos.<\/p>\n<h2>O que fecha em Rio Claro<\/h2>\n<p>Em Rio Claro, v\u00e1rios servi\u00e7os estar\u00e3o fechados no feriado. \u00c9 fundamental estar ciente do que n\u00e3o estar\u00e1 dispon\u00edvel:<\/p>\n<ul>\n<li><strong>Prefeitura Municipal:<\/strong> As atividades estar\u00e3o suspensas.<\/li>\n<li><strong>Com\u00e9rcio:<\/strong> O com\u00e9rcio n\u00e3o funcionar\u00e1 no feriado, reabrindo somente no s\u00e1bado.<\/li>\n<li><strong>Postos de Sa\u00fade, Creches e Escolas:<\/strong> Todas as institui\u00e7\u00f5es estar\u00e3o fechadas.<\/li>\n<li><strong>Centro de Refer\u00eancia de Assist\u00eancia Social:<\/strong> As atividades estar\u00e3o suspensas.<\/li>\n<li><strong>Coleta Seletiva:<\/strong> N\u00e3o haver\u00e1 coleta seletiva no feriado.<\/li>\n<\/ul>\n<p>A reconhecida import\u00e2ncia desses servi\u00e7os ressalta a necessidade de planejamento durante os feriados.<\/p>\n<h2>Hor\u00e1rios das farm\u00e1cias durante o feriado<\/h2>\n<p>As farm\u00e1cias em Rio Claro tamb\u00e9m ter\u00e3o hor\u00e1rios especiais durante o Dia do Trabalhador. No dia 1\u00ba de maio, as farm\u00e1cias municipais estar\u00e3o abertas com os seguintes hor\u00e1rios:<\/p>\n<ul>\n<li><strong>Feriado:<\/strong> Das 7h \u00e0s 19h.<\/li>\n<li><strong>S\u00e1bado:<\/strong> Abertura normal, das 7h \u00e0s 19h.<\/li>\n<li><strong>Domingo:<\/strong> O funcionamento no domingo ser\u00e1 das 7h \u00e0s 19h, assegurando acesso \u00e0 sa\u00fade.<\/li>\n<\/ul>\n<p>Os cidad\u00e3os podem contar com os servi\u00e7os farmac\u00eauticos mesmo durante feriados, garantindo a disponibilidade de medicamentos e orienta\u00e7\u00e3o m\u00e9dica.<\/p>\n<h2>Cuidados com pagamentos e compensa\u00e7\u00e3o banc\u00e1ria<\/h2>\n<p>Durante o feriado, especialmente para quem depende dos servi\u00e7os banc\u00e1rios, \u00e9 importante observar algumas orienta\u00e7\u00f5es:<\/p>\n<ul>\n<li><strong>Pagamentos de contas:<\/strong> Contas de consumo e boletos com vencimento no dia 1\u00ba de maio poder\u00e3o ser quitados sem encargos no pr\u00f3ximo dia \u00fatil.<\/li>\n<li><strong>Transfer\u00eancias e compensa\u00e7\u00f5es:<\/strong> N\u00e3o haver\u00e1 compensa\u00e7\u00f5es banc\u00e1rias no feriado, portanto, \u00e9 melhor evitar transa\u00e7\u00f5es que n\u00e3o sejam via PIX.<\/li>\n<\/ul>\n<p>Estas informa\u00e7\u00f5es s\u00e3o cruciais para que os cidad\u00e3os evitem transtornos durante o feriado do Dia do Trabalhador.<\/p>\n\n<div style=\"font-size: 0px; height: 0px; line-height: 0px; margin: 0; padding: 0; clear: both;\"><\/div>","protected":false},"excerpt":{"rendered":"<p>Feriado do Dia do Trabalhador: veja o que abre e o que fecha no 1\u00ba de maio em Araras, Araraquara e Rio Claro.<\/p>\n","protected":false},"author":1,"featured_media":2205,"comment_status":"open","ping_status":"closed","sticky":false,"template":"","format":"standard","meta":{"footnotes":""},"categories":[6],"tags":[],"class_list":["post-2206","post","type-post","status-publish","format-standard","has-post-thumbnail","hentry","category-noticias-araras","has_thumb"],"aioseo_notices":[],"_links":{"self":[{"href":"https:\/\/www.encontraararas.com.br\/sobre\/wp-json\/wp\/v2\/posts\/2206","targetHints":{"allow":["GET"]}}],"collection":[{"href":"https:\/\/www.encontraararas.com.br\/sobre\/wp-json\/wp\/v2\/posts"}],"about":[{"href":"https:\/\/www.encontraararas.com.br\/sobre\/wp-json\/wp\/v2\/types\/post"}],"author":[{"embeddable":true,"href":"https:\/\/www.encontraararas.com.br\/sobre\/wp-json\/wp\/v2\/users\/1"}],"replies":[{"embeddable":true,"href":"https:\/\/www.encontraararas.com.br\/sobre\/wp-json\/wp\/v2\/comments?post=2206"}],"version-history":[{"count":0,"href":"https:\/\/www.encontraararas.com.br\/sobre\/wp-json\/wp\/v2\/posts\/2206\/revisions"}],"wp:featuredmedia":[{"embeddable":true,"href":"https:\/\/www.encontraararas.com.br\/sobre\/wp-json\/wp\/v2\/media\/2205"}],"wp:attachment":[{"href":"https:\/\/www.encontraararas.com.br\/sobre\/wp-json\/wp\/v2\/media?parent=2206"}],"wp:term":[{"taxonomy":"category","embeddable":true,"href":"https:\/\/www.encontraararas.com.br\/sobre\/wp-json\/wp\/v2\/categories?post=2206"},{"taxonomy":"post_tag","embeddable":true,"href":"https:\/\/www.encontraararas.com.br\/sobre\/wp-json\/wp\/v2\/tags?post=2206"}],"curies":[{"name":"wp","href":"https:\/\/api.w.org\/{rel}","templated":true}]}}