{"id":2186,"date":"2026-04-23T07:53:28","date_gmt":"2026-04-23T10:53:28","guid":{"rendered":"https:\/\/www.encontraararas.com.br\/sobre\/saema-anuncia-corte-de-agua-para-usuarios-inadimplentes\/"},"modified":"2026-04-23T07:53:28","modified_gmt":"2026-04-23T10:53:28","slug":"saema-anuncia-corte-de-agua-para-usuarios-inadimplentes","status":"publish","type":"post","link":"https:\/\/www.encontraararas.com.br\/sobre\/saema-anuncia-corte-de-agua-para-usuarios-inadimplentes\/","title":{"rendered":"Saema anuncia corte de \u00e1gua para usu\u00e1rios inadimplentes"},"content":{"rendered":"<div class=\"028300b157bd2076cd9869e154cabe36\" data-index=\"1\" style=\"float: none; margin:0px;\">\n<!-- Anuncio display - global -->\r\n<ins class=\"adsbygoogle\"\r\n     style=\"display:block\"\r\n     data-ad-client=\"ca-pub-8585364105181520\"\r\n     data-ad-slot=\"8789329856\"\r\n     data-ad-format=\"auto\"\r\n     data-full-width-responsive=\"true\"><\/ins>\r\n<script>\r\n     (adsbygoogle = window.adsbygoogle || []).push({});\r\n<\/script>\n<\/div>\n<h2>Compreendendo o Corte de \u00c1gua<\/h2>\n<p>Recentemente, o Saema (Servi\u00e7o de \u00c1gua e Esgoto do Munic\u00edpio de Araras) implementou um sistema de interrup\u00e7\u00e3o no fornecimento de \u00e1gua para clientes que est\u00e3o com pend\u00eancias financeiras. Essa medida foi institu\u00edda em conformidade com legisla\u00e7\u00f5es federais e regulat\u00f3rias, visando garantir a continuidade dos servi\u00e7os aos usu\u00e1rios que cumprem com suas obriga\u00e7\u00f5es financeiras.<\/p>\n<h2>Notifica\u00e7\u00e3o de Inadimpl\u00eancia<\/h2>\n<p>Antes da efetiva\u00e7\u00e3o do corte, \u00e9 realizada uma notifica\u00e7\u00e3o aos usu\u00e1rios que apresentam contas em atraso. Essa comunica\u00e7\u00e3o \u00e9 feita para alertar sobre a situa\u00e7\u00e3o financeira e oferecer uma oportunidade de regulariza\u00e7\u00e3o sem a necessidade de corte no fornecimento. O aviso de inadimpl\u00eancia \u00e9 um passo essencial do processo, pois permite que o cliente tome ci\u00eancia da pend\u00eancia e tenha a chance de quit\u00e1-la antes da interrup\u00e7\u00e3o.<\/p>\n<h2>Prazo para Regulariza\u00e7\u00e3o<\/h2>\n<p>Ap\u00f3s a notifica\u00e7\u00e3o, o Saema estabelece um prazo para que os usu\u00e1rios possam efetuar o pagamento das faturas em atraso. Essa pol\u00edtica de proporcionar um tempo para que a d\u00edvida seja regularizada \u00e9 um aspecto importante, pois demonstra a disposi\u00e7\u00e3o do servi\u00e7o em colaborar com a popula\u00e7\u00e3o, oferecendo uma chance para manter o fornecimento de \u00e1gua sem interrup\u00e7\u00f5es.<\/p>\n<p><img decoding=\"async\" src=\"https:\/\/www.encontraararas.com.br\/sobre\/wp-content\/uploads\/2026\/04\/saema-anuncia-corte-de-agua-para-usuarios-inadimplentes.webp\" alt=\"corte de \u00e1gua\" loading=\"lazy\" \/><\/p>\n<h2>Crit\u00e9rios para Interrup\u00e7\u00e3o do Servi\u00e7o<\/h2>\n<p>A interrup\u00e7\u00e3o do abastecimento de \u00e1gua, segundo declara\u00e7\u00f5es do presidente da autarquia, Junior Franco, ocorre apenas em casos onde h\u00e1 descumprimento das pend\u00eancias financeiras por parte do usu\u00e1rio, em especial em faturas que apresentam atrasos superiores a 31 dias e at\u00e9 60 dias. A pr\u00e1tica estabelece que apenas aqueles que persistem em n\u00e3o regularizar suas contas est\u00e3o sujeitos ao corte.<\/p>\n<h2>Consequ\u00eancias da Inadimpl\u00eancia<\/h2>\n<p>O descumprimento das obriga\u00e7\u00f5es contratuais, especialmente o atraso no pagamento das contas de \u00e1gua e esgoto, pode resultar em consequ\u00eancias diretas ao usu\u00e1rio, incluindo a suspens\u00e3o do abastecimento. Al\u00e9m disso, o Saema aplica encargos legais, como multas e juros, que aumentam o valor a ser pago, tornando a regulariza\u00e7\u00e3o ainda mais complexa se n\u00e3o for feita prontamente.<\/p>\n<h2>Como Funciona a Religa\u00e7\u00e3o<\/h2>\n<p>Ap\u00f3s um corte no fornecimento, a religa\u00e7\u00e3o do servi\u00e7o pode ser rapidamente realizada, contanto que o pagamento da d\u00edvida seja efetuado at\u00e9 \u00e0s 12h do dia em que ocorrer a regulariza\u00e7\u00e3o. Isso significa que, uma vez que o usu\u00e1rio salde suas pend\u00eancias, ele pode ter o abastecimento restaurado no mesmo dia, garantindo que o transtorno seja minimizado.<\/p>\n<h2>Programa de Tarifa Social<\/h2>\n<p>O Saema tamb\u00e9m oferece um programa chamado Tarifa Social, direcionado a clientes que se encontram em situa\u00e7\u00e3o de vulnerabilidade socioecon\u00f4mica. Este programa busca assegurar o acesso ao servi\u00e7o de \u00e1gua com condi\u00e7\u00f5es diferenciadas que facilitam a manuten\u00e7\u00e3o do fornecimento, reduzindo a carga financeira sobre essas fam\u00edlias.<\/p>\n<h2>Benef\u00edcios da Tarifa Social<\/h2>\n<p>Os usu\u00e1rios que se enquadram no programa de Tarifa Social podem usufruir de um desconto significativo, que pode chegar a 50% nas tarifas de \u00e1gua e esgoto. Essa iniciativa \u00e9 fundamental para aliviar o impacto financeiro sobre as fam\u00edlias de baixa renda, permitindo que mais pessoas tenham acesso a um servi\u00e7o essencial.<\/p>\n<h2>Crit\u00e9rios de Enquadramento na Tarifa Social<\/h2>\n<p>Para ser eleg\u00edvel ao programa de Tarifa Social, o usu\u00e1rio deve atender a alguns requisitos: possuir cadastro ativo e atualizado no Cad\u00danico (com menos de 6 meses), ter uma renda per capita conforme os crit\u00e9rios do programa e estar classificado na categoria residencial. Se esses crit\u00e9rios n\u00e3o forem seguidos, mesmo os usu\u00e1rios que se beneficiam atualmente da tarifa podem ter seu servi\u00e7o interrompido.<\/p>\n<h2>Import\u00e2ncia da Regulariza\u00e7\u00e3o Financeira<\/h2>\n<p>\u00c9 crucial que os usu\u00e1rios compreendam que, embora haja programas de assist\u00eancia, a responsabilidade pelo pagamento das contas de \u00e1gua e esgoto persiste. O n\u00e3o pagamento gera responsabiliza\u00e7\u00f5es e tenta\u00e7\u00f5es \u00e0 suspens\u00e3o dos servi\u00e7os. Regularizar as pend\u00eancias financeiras n\u00e3o \u00e9 apenas uma obriga\u00e7\u00e3o, mas uma forma de garantir o acesso cont\u00ednuo a um recurso vital como a \u00e1gua. Al\u00e9m disso, \u00e9 importante ressaltar que qualquer d\u00e9bito permanece registrado e pode ser negociado administrativamente.<\/p>\n\n<div style=\"font-size: 0px; height: 0px; line-height: 0px; margin: 0; padding: 0; clear: both;\"><\/div>","protected":false},"excerpt":{"rendered":"<p>Corte de \u00e1gua: entenda como a inadimpl\u00eancia pode afetar seu servi\u00e7o.<\/p>\n","protected":false},"author":1,"featured_media":2185,"comment_status":"open","ping_status":"closed","sticky":false,"template":"","format":"standard","meta":{"footnotes":""},"categories":[6],"tags":[],"class_list":["post-2186","post","type-post","status-publish","format-standard","has-post-thumbnail","hentry","category-noticias-araras","has_thumb"],"aioseo_notices":[],"_links":{"self":[{"href":"https:\/\/www.encontraararas.com.br\/sobre\/wp-json\/wp\/v2\/posts\/2186","targetHints":{"allow":["GET"]}}],"collection":[{"href":"https:\/\/www.encontraararas.com.br\/sobre\/wp-json\/wp\/v2\/posts"}],"about":[{"href":"https:\/\/www.encontraararas.com.br\/sobre\/wp-json\/wp\/v2\/types\/post"}],"author":[{"embeddable":true,"href":"https:\/\/www.encontraararas.com.br\/sobre\/wp-json\/wp\/v2\/users\/1"}],"replies":[{"embeddable":true,"href":"https:\/\/www.encontraararas.com.br\/sobre\/wp-json\/wp\/v2\/comments?post=2186"}],"version-history":[{"count":0,"href":"https:\/\/www.encontraararas.com.br\/sobre\/wp-json\/wp\/v2\/posts\/2186\/revisions"}],"wp:featuredmedia":[{"embeddable":true,"href":"https:\/\/www.encontraararas.com.br\/sobre\/wp-json\/wp\/v2\/media\/2185"}],"wp:attachment":[{"href":"https:\/\/www.encontraararas.com.br\/sobre\/wp-json\/wp\/v2\/media?parent=2186"}],"wp:term":[{"taxonomy":"category","embeddable":true,"href":"https:\/\/www.encontraararas.com.br\/sobre\/wp-json\/wp\/v2\/categories?post=2186"},{"taxonomy":"post_tag","embeddable":true,"href":"https:\/\/www.encontraararas.com.br\/sobre\/wp-json\/wp\/v2\/tags?post=2186"}],"curies":[{"name":"wp","href":"https:\/\/api.w.org\/{rel}","templated":true}]}}