{"id":197,"date":"2012-04-25T15:20:13","date_gmt":"2012-04-25T17:20:13","guid":{"rendered":"http:\/\/www.encontraararas.com.br\/noticias\/?p=197"},"modified":"2019-04-29T18:33:02","modified_gmt":"2019-04-29T20:33:02","slug":"merenda-de-alunos-de-araras-recebe-mel-de-produtores-da-cidade","status":"publish","type":"post","link":"https:\/\/www.encontraararas.com.br\/sobre\/merenda-de-alunos-de-araras-recebe-mel-de-produtores-da-cidade\/","title":{"rendered":"Merenda de alunos de Araras recebe mel de produtores da cidade"},"content":{"rendered":"<div class=\"028300b157bd2076cd9869e154cabe36\" data-index=\"1\" style=\"float: none; margin:0px;\">\n<!-- Anuncio display - global -->\r\n<ins class=\"adsbygoogle\"\r\n     style=\"display:block\"\r\n     data-ad-client=\"ca-pub-8585364105181520\"\r\n     data-ad-slot=\"8789329856\"\r\n     data-ad-format=\"auto\"\r\n     data-full-width-responsive=\"true\"><\/ins>\r\n<script>\r\n     (adsbygoogle = window.adsbygoogle || []).push({});\r\n<\/script>\n<\/div>\n<p>A merenda dos estudantes das escolas municipais da cidade de\u00a0Araras\u00a0passar\u00e1 ter o mel produzido na cidade no card\u00e1pio. Com o incentivo do governo federal, apicultores est\u00e3o fazendo parcerias com prefeituras da regi\u00e3o.<\/p>\n<p>H\u00e1 45 anos, o apicultor Jo\u00e3o Gesu\u00edno Franco passa horas na planta\u00e7\u00e3o de eucaliptos cuidando das abelhas. Para ele, o trabalho parece mais uma terapia. \u201cVoc\u00eas est\u00e1 ali na natureza, vendo as abelhas trabalhar\u201d, disse.<\/p>\n<p>Ele toma conta de 80 caixas de abelhas, que produzem por ano duas toneladas de mel. Apesar disso, a produ\u00e7\u00e3o \u00e9 considerada pequena.<\/p>\n<p>A alternativa \u00e9 vender o mel para as empresas que v\u00e3o processar o produto, o que significa lucro baixo. \u201cA gente vende, em m\u00e9dia, R$ 4o quilo e eles vendem a R$ 7, R$ 8 o quilo\u201d, disse.<\/p>\n<p>Agora, ele se juntou a outros apicultores, que criaram uma cooperativa que atualmente est\u00e1 com 25 integrantes. A produ\u00e7\u00e3o anual chega a 60 toneladas e, com isso, eles conseguem mais mercado.<\/p>\n<p>Com o incentivo do governo para a agricultura familiar, eles est\u00e3o fazendo conv\u00eanios com as prefeituras da regi\u00e3o.<\/p>\n<p>Os munic\u00edpios recebem verba espec\u00edfica para comprar alimentos de pequenos produtores. Desde o ano passado, a cidade de Leme\u00a0e\u00a0Conchal\u00a0j\u00e1 est\u00e3o usando o mel nas escolas.<\/p>\n<p>Em Araras, a novidade est\u00e1 sendo implantada na merenda das escolas de ensino fundamental. O produto \u00e9 servido em sach\u00eas como sobremesa.<\/p>\n<p>De acordo com a nutricionista Gabriela Cosmo, o produto \u00e9 uma alternativa saborosa e rica e em nutrientes. \u201cAl\u00e9m de ser nutritivo, \u00e9 um alimento rico em vitaminas e minerais\u201d, disse.<\/p>\n<p>Fonte: <em>G1<\/em><\/p>\n\n<div style=\"font-size: 0px; height: 0px; line-height: 0px; margin: 0; padding: 0; clear: both;\"><\/div>","protected":false},"excerpt":{"rendered":"<p>A merenda dos estudantes das escolas municipais da cidade de\u00a0Araras\u00a0passar\u00e1 ter o mel produzido na cidade no card\u00e1pio. Com o incentivo do governo federal, apicultores est\u00e3o fazendo parcerias com prefeituras da regi\u00e3o. H\u00e1 45 anos, o apicultor Jo\u00e3o Gesu\u00edno Franco passa horas na planta\u00e7\u00e3o de eucaliptos cuidando das abelhas. Para ele, o trabalho parece mais uma terapia. \u201cVoc\u00eas est\u00e1 ali na natureza, vendo as abelhas trabalhar\u201d, disse. Ele toma conta de 80 caixas de abelhas, que produzem por ano duas toneladas de mel. Apesar disso, a produ\u00e7\u00e3o \u00e9 considerada pequena. A alternativa \u00e9 vender o mel para as empresas que <\/p>\n","protected":false},"author":1,"featured_media":0,"comment_status":"open","ping_status":"closed","sticky":false,"template":"","format":"standard","meta":{"footnotes":""},"categories":[6],"tags":[14],"class_list":["post-197","post","type-post","status-publish","format-standard","hentry","category-noticias-araras","tag-araras"],"aioseo_notices":[],"_links":{"self":[{"href":"https:\/\/www.encontraararas.com.br\/sobre\/wp-json\/wp\/v2\/posts\/197","targetHints":{"allow":["GET"]}}],"collection":[{"href":"https:\/\/www.encontraararas.com.br\/sobre\/wp-json\/wp\/v2\/posts"}],"about":[{"href":"https:\/\/www.encontraararas.com.br\/sobre\/wp-json\/wp\/v2\/types\/post"}],"author":[{"embeddable":true,"href":"https:\/\/www.encontraararas.com.br\/sobre\/wp-json\/wp\/v2\/users\/1"}],"replies":[{"embeddable":true,"href":"https:\/\/www.encontraararas.com.br\/sobre\/wp-json\/wp\/v2\/comments?post=197"}],"version-history":[{"count":0,"href":"https:\/\/www.encontraararas.com.br\/sobre\/wp-json\/wp\/v2\/posts\/197\/revisions"}],"wp:attachment":[{"href":"https:\/\/www.encontraararas.com.br\/sobre\/wp-json\/wp\/v2\/media?parent=197"}],"wp:term":[{"taxonomy":"category","embeddable":true,"href":"https:\/\/www.encontraararas.com.br\/sobre\/wp-json\/wp\/v2\/categories?post=197"},{"taxonomy":"post_tag","embeddable":true,"href":"https:\/\/www.encontraararas.com.br\/sobre\/wp-json\/wp\/v2\/tags?post=197"}],"curies":[{"name":"wp","href":"https:\/\/api.w.org\/{rel}","templated":true}]}}