{"id":184,"date":"2012-04-13T17:21:03","date_gmt":"2012-04-13T19:21:03","guid":{"rendered":"http:\/\/www.encontraararas.com.br\/noticias\/?p=184"},"modified":"2019-04-29T18:33:27","modified_gmt":"2019-04-29T20:33:27","slug":"araras-anuncia-mudancas-em-cinco-secretarias","status":"publish","type":"post","link":"https:\/\/www.encontraararas.com.br\/sobre\/araras-anuncia-mudancas-em-cinco-secretarias\/","title":{"rendered":"Araras anuncia mudan\u00e7as em cinco secretarias"},"content":{"rendered":"<div class=\"028300b157bd2076cd9869e154cabe36\" data-index=\"1\" style=\"float: none; margin:0px;\">\n<!-- Anuncio display - global -->\r\n<ins class=\"adsbygoogle\"\r\n     style=\"display:block\"\r\n     data-ad-client=\"ca-pub-8585364105181520\"\r\n     data-ad-slot=\"8789329856\"\r\n     data-ad-format=\"auto\"\r\n     data-full-width-responsive=\"true\"><\/ins>\r\n<script>\r\n     (adsbygoogle = window.adsbygoogle || []).push({});\r\n<\/script>\n<\/div>\n<p>Na manh\u00e3 desta quinta-feira (12), o prefeito Dr. Nelson Dimas Brambilla anunciou mudan\u00e7as na administra\u00e7\u00e3o p\u00fablica.<\/p>\n<p>Durante coletiva realizada no Pa\u00e7o Municipal, novos secret\u00e1rios assumiram as pastas da Educa\u00e7\u00e3o; Servi\u00e7os P\u00fablicos Urbanos e Rurais; Planejamento, Gest\u00e3o e Mobilidade; Governo e Rela\u00e7\u00f5es Institucionais; e Administra\u00e7\u00e3o.<\/p>\n<p>Estiveram presentes ao evento funcion\u00e1rios da administra\u00e7\u00e3o, os vereadores Breno Zanoni Cortella, Eduardo de Moraes, Erinson Mercatelli e Valdemir Gomes (Mami), al\u00e9m de jornalistas e radialistas de Araras.<\/p>\n<p>O ex-prefeito Antonio Carlos Beloto, que administrou a cidade em 1982, tamb\u00e9m marcou presen\u00e7a na cerim\u00f4nia.<\/p>\n<p>A primeira mudan\u00e7a anunciada foi na Secretaria de Educa\u00e7\u00e3o da cidade de Araras.<\/p>\n<p>Leo Gurnhak deixou o cargo para assumir suas fun\u00e7\u00f5es como vereador. Em seu lugar, tomou posse Elizabeth Carvalho Cilindri, que exercia o cargo de diretora do departamento de ensino.<\/p>\n<p>O ex-secret\u00e1rio apontou as transforma\u00e7\u00f5es realizadas nos dois anos e meio em que em que liderou a pasta.<\/p>\n<p>Fonte:\u00a0<em>canalrioclaro.com.br<\/em><\/p>\n\n<div style=\"font-size: 0px; height: 0px; line-height: 0px; margin: 0; padding: 0; clear: both;\"><\/div>","protected":false},"excerpt":{"rendered":"<p>Na manh\u00e3 desta quinta-feira (12), o prefeito Dr. Nelson Dimas Brambilla anunciou mudan\u00e7as na administra\u00e7\u00e3o p\u00fablica. Durante coletiva realizada no Pa\u00e7o Municipal, novos secret\u00e1rios assumiram as pastas da Educa\u00e7\u00e3o; Servi\u00e7os P\u00fablicos Urbanos e Rurais; Planejamento, Gest\u00e3o e Mobilidade; Governo e Rela\u00e7\u00f5es Institucionais; e Administra\u00e7\u00e3o. Estiveram presentes ao evento funcion\u00e1rios da administra\u00e7\u00e3o, os vereadores Breno Zanoni Cortella, Eduardo de Moraes, Erinson Mercatelli e Valdemir Gomes (Mami), al\u00e9m de jornalistas e radialistas de Araras. O ex-prefeito Antonio Carlos Beloto, que administrou a cidade em 1982, tamb\u00e9m marcou presen\u00e7a na cerim\u00f4nia. A primeira mudan\u00e7a anunciada foi na Secretaria de Educa\u00e7\u00e3o da cidade de <\/p>\n","protected":false},"author":1,"featured_media":0,"comment_status":"open","ping_status":"closed","sticky":false,"template":"","format":"standard","meta":{"footnotes":""},"categories":[6],"tags":[14],"class_list":["post-184","post","type-post","status-publish","format-standard","hentry","category-noticias-araras","tag-araras"],"aioseo_notices":[],"_links":{"self":[{"href":"https:\/\/www.encontraararas.com.br\/sobre\/wp-json\/wp\/v2\/posts\/184","targetHints":{"allow":["GET"]}}],"collection":[{"href":"https:\/\/www.encontraararas.com.br\/sobre\/wp-json\/wp\/v2\/posts"}],"about":[{"href":"https:\/\/www.encontraararas.com.br\/sobre\/wp-json\/wp\/v2\/types\/post"}],"author":[{"embeddable":true,"href":"https:\/\/www.encontraararas.com.br\/sobre\/wp-json\/wp\/v2\/users\/1"}],"replies":[{"embeddable":true,"href":"https:\/\/www.encontraararas.com.br\/sobre\/wp-json\/wp\/v2\/comments?post=184"}],"version-history":[{"count":0,"href":"https:\/\/www.encontraararas.com.br\/sobre\/wp-json\/wp\/v2\/posts\/184\/revisions"}],"wp:attachment":[{"href":"https:\/\/www.encontraararas.com.br\/sobre\/wp-json\/wp\/v2\/media?parent=184"}],"wp:term":[{"taxonomy":"category","embeddable":true,"href":"https:\/\/www.encontraararas.com.br\/sobre\/wp-json\/wp\/v2\/categories?post=184"},{"taxonomy":"post_tag","embeddable":true,"href":"https:\/\/www.encontraararas.com.br\/sobre\/wp-json\/wp\/v2\/tags?post=184"}],"curies":[{"name":"wp","href":"https:\/\/api.w.org\/{rel}","templated":true}]}}