{"id":1816,"date":"2025-12-10T09:21:00","date_gmt":"2025-12-10T12:21:00","guid":{"rendered":"https:\/\/www.encontraararas.com.br\/sobre\/programacao-de-natal-chegada-do-papai-noel-e-neste-domingo\/"},"modified":"2025-12-10T09:21:00","modified_gmt":"2025-12-10T12:21:00","slug":"programacao-de-natal-chegada-do-papai-noel-e-neste-domingo","status":"publish","type":"post","link":"https:\/\/www.encontraararas.com.br\/sobre\/programacao-de-natal-chegada-do-papai-noel-e-neste-domingo\/","title":{"rendered":"Programa\u00e7\u00e3o de Natal: Chegada do Papai Noel \u00e9 neste domingo"},"content":{"rendered":"<div class=\"028300b157bd2076cd9869e154cabe36\" data-index=\"1\" style=\"float: none; margin:0px;\">\n<!-- Anuncio display - global -->\r\n<ins class=\"adsbygoogle\"\r\n     style=\"display:block\"\r\n     data-ad-client=\"ca-pub-8585364105181520\"\r\n     data-ad-slot=\"8789329856\"\r\n     data-ad-format=\"auto\"\r\n     data-full-width-responsive=\"true\"><\/ins>\r\n<script>\r\n     (adsbygoogle = window.adsbygoogle || []).push({});\r\n<\/script>\n<\/div>\n<h2>Quando ser\u00e1 a Chegada do Papai Noel?<\/h2>\n<p>A chegada do Papai Noel \u00e9 um dos momentos mais aguardados do calend\u00e1rio natalino em Araras. Neste ano, a cerim\u00f4nia de acolhimento do bom velhinho ocorrer\u00e1 no dia <strong>07 de dezembro de 2025<\/strong>, a partir das <strong>20h<\/strong>, na <em>Pra\u00e7a Bar\u00e3o de Araras<\/em>. Este evento simboliza o in\u00edcio das festividades de Natal, trazendo um clima de alegria e esperan\u00e7a \u00e0 cidade. As fam\u00edlias s\u00e3o convidadas a participar desta linda celebra\u00e7\u00e3o, onde n\u00e3o apenas as crian\u00e7as, mas tamb\u00e9m adultos poder\u00e3o vivenciar a magia do Natal.<\/p>\n<p>Al\u00e9m do dia inaugural, o Papai Noel estar\u00e1 dispon\u00edvel na Casa do Papai Noel, que ficar\u00e1 instalada no Coreto da pra\u00e7a. Ele ir\u00e1 atender o p\u00fablico <strong>de quarta-feira a domingo, entre as 19h e 22h<\/strong>, em um espa\u00e7o encantador decorado especialmente para a ocasi\u00e3o. Essa atividade estar\u00e1 dispon\u00edvel em datas como <strong>10, 11, 12, 13, 14 e 17, 18, 19, 20, 21<\/strong>, finalizando com a tradicional v\u00e9spera de Natal no dia <strong>23 de dezembro<\/strong>.<\/p>\n<h2>Atra\u00e7\u00f5es na Pra\u00e7a Bar\u00e3o de Araras<\/h2>\n<p>A Pra\u00e7a Bar\u00e3o de Araras se transformar\u00e1 em um verdadeiro cen\u00e1rio natalino, repleto de atra\u00e7\u00f5es para todas as idades. Durante o evento de chegada do Papai Noel no dia 07 de dezembro, al\u00e9m da recep\u00e7\u00e3o ao bom velhinho, o p\u00fablico poder\u00e1 desfrutar de uma programa\u00e7\u00e3o repleta de m\u00fasica e atividades culturais.<\/p>\n<p><img decoding=\"async\" src=\"https:\/\/www.encontraararas.com.br\/sobre\/wp-content\/uploads\/2025\/12\/programacao-de-natal-chegada-do-papai-noel-e-neste-domingo.webp\" alt=\"Programa\u00e7\u00e3o de Natal\" loading=\"lazy\" \/><\/p>\n<p>Entre as apresenta\u00e7\u00f5es destacadas, est\u00e3o os espet\u00e1culos de teatro e m\u00fasica que acontecer\u00e3o ao longo do m\u00eas de dezembro. A <strong>Casa do Papai Noel<\/strong> ser\u00e1 o centro das atividades, decorada com luzes e adornos caracter\u00edsticos da festividade. Assim, o local propicia um ambiente ideal para fotos e para o contato com o bom velhinho.<\/p>\n<p>O evento \u00e9 uma excelente oportunidade para familiares e amigos se reunirem, aproveitando a atmosfera festiva que envolve a cidade, com v\u00e1rias ilumina\u00e7\u00f5es, enfeites e uma decora\u00e7\u00e3o que remete \u00e0 tradi\u00e7\u00e3o natalina. Os visitantes poder\u00e3o interagir e tirar fotos com o Papai Noel, tornando a experi\u00eancia ainda mais especial.<\/p>\n<h2>Hor\u00e1rios de Atendimento na Casa do Papai Noel<\/h2>\n<p>O atendimento na Casa do Papai Noel, que estar\u00e1 situada no Coreto da Pra\u00e7a Bar\u00e3o de Araras, ser\u00e1 realizado em hor\u00e1rios previamente estabelecidos, oferecendo uma experi\u00eancia organizada e agrad\u00e1vel para todos. O bom velhinho estar\u00e1 dispon\u00edvel para receber as crian\u00e7as e adultos da seguinte forma:<\/p>\n<ul>\n<li><strong>Datas:<\/strong> 10, 11, 12, 13, 14, 17, 18, 19, 20, 21 e 23 de dezembro<\/li>\n<li><strong>Hor\u00e1rio:<\/strong> 19h \u00e0s 22h<\/li>\n<li><strong>Evento Especial:<\/strong> Chegada do Papai Noel no dia 07 de dezembro, a partir das 20h<\/li>\n<\/ul>\n<p>Essa organiza\u00e7\u00e3o possibilita que todos os visitantes consigam ter a chance de conhecer o Papai Noel e participar das atividades planejadas. Ressalta-se a import\u00e2ncia de chegar cedo, especialmente nos dias mais pr\u00f3ximos ao Natal, pois a expectativa \u00e9 que a procura aumente consideravelmente, garantindo que todos possam vivenciar a magia do Natal.<\/p>\n<h2>Programa\u00e7\u00e3o Musical do Evento<\/h2>\n<p>Um dos destaques das festividades de Natal em Araras \u00e9 a programa\u00e7\u00e3o musical, que promete encantar todos os presentes. Cada dia traz uma nova atra\u00e7\u00e3o que ir\u00e1 compor um verdadeiro espet\u00e1culo cultural na cidade.<\/p>\n<p>As apresenta\u00e7\u00f5es musicais est\u00e3o agendadas para ocorrer em diferentes datas e locais, tornando as noites natalinas ricas em cultura e entretenimento. No dia 05 de dezembro, por exemplo, ocorrer\u00e1 uma pe\u00e7a teatral chamada <strong>\u201cSolange\u201d<\/strong>, que dar\u00e1 in\u00edcio \u00e0s festividades, e nos dias seguintes, h\u00e1 uma s\u00e9rie de apresenta\u00e7\u00f5es que incluem: a Camerata de Cordas Fl\u00e1vio Sim\u00f5es, apresenta\u00e7\u00f5es de corais e grupos musicais, que tocar\u00e3o desde MPB at\u00e9 m\u00fasica caipira.<\/p>\n<p>Al\u00e9m disso, o Coreto da Pra\u00e7a Bar\u00e3o ser\u00e1 o local de diversas performances, incluindo espet\u00e1culos de teatro, com\u00e9dias e at\u00e9 malabarismos. A m\u00fasica e a arte se entrela\u00e7am para proporcionar uma experi\u00eancia memor\u00e1vel a todos os visitantes, promovendo a intera\u00e7\u00e3o entre esses dois universos que caracterizam o Natal.<\/p>\n<h2>Outras Atividades de Natal na Cidade<\/h2>\n<p>Araras n\u00e3o se limita apenas \u00e0 chegada do Papai Noel e \u00e0 programa\u00e7\u00e3o na Pra\u00e7a Bar\u00e3o. H\u00e1 uma s\u00e9rie de atividades que complementam a magia do Natal na cidade. Al\u00e9m da Casa do Papai Noel, outras a\u00e7\u00f5es est\u00e3o programadas ao longo de dezembro, sempre com o objetivo de engajar a comunidade nas festividades.<\/p>\n<p>Uma das iniciativas \u00e9 o festival de luzes e decora\u00e7\u00f5es nas ruas comerciais, que se transforma em um verdadeiro espet\u00e1culo noturno. Os comerciantes tamb\u00e9m se uniram a essa celebra\u00e7\u00e3o, decorando suas lojas e oferecendo promo\u00e7\u00f5es especiais durante todo o m\u00eas, atraindo assim um maior fluxo de pessoas e gerando um clima festivo.<\/p>\n<p>Al\u00e9m disso, eventos como o <strong>Festival de Gin\u00e1stica R\u00edtmica e Dan\u00e7a<\/strong> e o <strong>Festival de Jud\u00f4 da Secretaria de Esportes<\/strong> estreitam os la\u00e7os da comunidade, oferecendo entretenimento e praticidade para aproveitar o clima de Natal enquanto se engajam em atividades f\u00edsicas e sociais.<\/p>\n<h2>Como Participar das Festividades<\/h2>\n<p>Participar das festividades natalinas em Araras \u00e9 bem simples e acess\u00edvel a todos. A cidade proporciona um ambiente amig\u00e1vel, ideal para trazer amigos e fam\u00edlia para aproveitar cada detalhe dessa comemora\u00e7\u00e3o \u00fanica. Para participar, basta se programar e escolher os eventos que mais atraem o seu interesse.<\/p>\n<p>Inicialmente, \u00e9 aconselh\u00e1vel que as pessoas fiquem atentas \u00e0s datas e hor\u00e1rios das atividades, que est\u00e3o amplamente divulgados nas redes sociais e no site oficial da Prefeitura de Araras. \u00c9 muito importante chegar cedo para conseguir um bom lugar e assim poder aproveitar ao m\u00e1ximo a programa\u00e7\u00e3o.<\/p>\n<p>Outro ponto essencial \u00e9 estar atendo \u00e0s recomenda\u00e7\u00f5es das autoridades locais, especialmente em quest\u00f5es de seguran\u00e7a e sa\u00fade, que podem conter orienta\u00e7\u00f5es sobre a coleta de lixo, uso de espa\u00e7o p\u00fablico e cuidados para garantir que todos aproveitem a festa de forma segura e divertida. Com essa aten\u00e7\u00e3o, todos poder\u00e3o desfrutar das alegrias do Natal com tranquilidade.<\/p>\n<h2>Dicas para uma Melhor Experi\u00eancia no Evento<\/h2>\n<p>Para garantir que todos aproveitem a festa ao m\u00e1ximo, algumas dicas podem ajudar a aprimorar a experi\u00eancia natalina em Araras. Desde o momento da chegada at\u00e9 o retorno para casa, pequenas a\u00e7\u00f5es fazem uma grande diferen\u00e7a. Aqui est\u00e3o algumas sugest\u00f5es:<\/p>\n<ul>\n<li><strong>Chegar Cedo:<\/strong> Chegar mais cedo ao evento garante que voc\u00ea tenha um bom lugar e possa aproveitar todas as atra\u00e7\u00f5es sem apressar-se.<\/li>\n<li><strong>Trazer C\u00e2meras:<\/strong> Capture os momentos especiais com fotos. A decora\u00e7\u00e3o e as intera\u00e7\u00f5es com o Papai Noel ir\u00e3o render boas lembran\u00e7as e recorda\u00e7\u00f5es.<\/li>\n<li><strong>Participar das Atividades:<\/strong> Engaje-se nas apresenta\u00e7\u00f5es culturais e musicais. A intera\u00e7\u00e3o com os artistas e a participa\u00e7\u00e3o ativa na festa tornam a experi\u00eancia mais rica.<\/li>\n<li><strong>Seguir as Redes Sociais do Evento:<\/strong> Isso vai garantir que voc\u00ea esteja por dentro de qualquer novidade ou mudan\u00e7a na programa\u00e7\u00e3o, al\u00e9m de contar com dicas especiais e fotos.<\/li>\n<li><strong>Levar Recipientes para Lixo:<\/strong> Ajude a manter a cidade limpa, levando seus pr\u00f3prios recipientes para o lixo e responsabilidade com o espa\u00e7o p\u00fablico.<\/li>\n<\/ul>\n<p>Seguindo essas dicas, a experi\u00eancia de celebrar o Natal em Araras ser\u00e1 ainda mais gratificante, repleta de alegria e significado para todos os participantes.<\/p>\n<h2>Import\u00e2ncia da Celebra\u00e7\u00e3o Natalina<\/h2>\n<p>A celebra\u00e7\u00e3o do Natal reveste-se de uma grande import\u00e2ncia para a sociedade, n\u00e3o apenas em Araras, mas em todo o mundo. \u00c9 uma \u00e9poca onde as pessoas se re\u00fanem em torno dos valores de amor, esperan\u00e7a e solidariedade. Para muitos, representa uma oportunidade de refletir sobre o ano que passou e de renovar os la\u00e7os familiares e de amizade.<\/p>\n<p>Al\u00e9m disso, o Natal \u00e9 uma excelente ocasi\u00e3o para conectar-se com a comunidade. As festividades impulsionam o com\u00e9rcio local, promovendo intera\u00e7\u00f5es positivas entre os cidad\u00e3os. O envolvimento em atividades coletivas fortalece o afeto e a empatia entre as pessoas, criando um ambiente de harmonia e coopera\u00e7\u00e3o em toda a cidade.<\/p>\n<p>Na cidade de Araras, o Natal \u00e9 sin\u00f4nimo de festa e confraterniza\u00e7\u00e3o. As diversas a\u00e7\u00f5es e eventos programados sintetizam os esfor\u00e7os da sociedade em criar um clima festivo, onde todos podem sentir-se acolhidos e parte de uma grande fam\u00edlia. Tal uni\u00e3o \u00e9 essencial para a constru\u00e7\u00e3o de uma sociedade mais solid\u00e1ria e atenta \u00e0s necessidades do pr\u00f3ximo.<\/p>\n<h2>Expectativas para o Natal deste Ano<\/h2>\n<p>Com a programa\u00e7\u00e3o j\u00e1 divulgada e uma s\u00e9rie de eventos planejados, as expectativas para o Natal deste ano em Araras est\u00e3o nas alturas. A chegada do Papai Noel j\u00e1 gera um burburinho na cidade, e a popula\u00e7\u00e3o est\u00e1 animada para participar de todas as atividades preparadas.<\/p>\n<p>Os organizadores est\u00e3o focados em criar novas experi\u00eancias para os visitantes, buscando inovar em cada detalhe. A inten\u00e7\u00e3o \u00e9 proporcionar um Natal ainda mais m\u00e1gico e especial, visando a diversidade nas atra\u00e7\u00f5es e a inclus\u00e3o de toda a comunidade nas festividades.<\/p>\n<p>Al\u00e9m disso, as expectativas est\u00e3o ligadas ao engajamento social. As iniciativas de solidariedade costumam ser uma marca registrada das celebra\u00e7\u00f5es natalinas. Contribuir para doa\u00e7\u00f5es e projetos sociais durante esse per\u00edodo \u00e9 uma pr\u00e1tica incentivada, refor\u00e7ando a import\u00e2ncia do compartilhamento e do cuidado m\u00fatuo, valores que o Natal busca promover.<\/p>\n<h2>Apoio da Secretaria Municipal de Cultura<\/h2>\n<p>A Secretaria Municipal de Cultura de Araras tem sido uma grande respons\u00e1vel pela organiza\u00e7\u00e3o das festividades dessa \u00e9poca do ano. O trabalho em conjunto com a Secretaria Municipal de Turismo garante que todas as atividades sejam coordenadas de forma eficaz, contemplando as diferentes \u00e1reas que envolvem a festa de Natal.<\/p>\n<p>Esse apoio log\u00edstico e estrutural permite que as celebra\u00e7\u00f5es ocorram com seguran\u00e7a e qualidade, visando o bem-estar de todos os visitantes e moradores da cidade. Al\u00e9m disso, a secretaria busca incluir artistas locais nas apresenta\u00e7\u00f5es, fortalecendo a cultura da cidade e garantindo que a festividade reflita a identidade ararense.<\/p>\n<p>O comprometimento da Secretaria de Cultura vai al\u00e9m de apenas tra\u00e7ar a programa\u00e7\u00e3o de eventos; envolve tamb\u00e9m a\u00e7\u00f5es de sensibiliza\u00e7\u00e3o e educa\u00e7\u00e3o cultural, que s\u00e3o essenciais para a forma\u00e7\u00e3o de uma comunidade mais participativa. Ao promover o Natal, eles est\u00e3o, de fato, promovendo a uni\u00e3o e a alegria dentro da cidade.<\/p>\n\n<div style=\"font-size: 0px; height: 0px; line-height: 0px; margin: 0; padding: 0; clear: both;\"><\/div>","protected":false},"excerpt":{"rendered":"<p>Programa\u00e7\u00e3o de Natal emocionante com a chegada do Papai Noel em Araras neste domingo.<\/p>\n","protected":false},"author":1,"featured_media":1815,"comment_status":"open","ping_status":"closed","sticky":false,"template":"","format":"standard","meta":{"footnotes":""},"categories":[6],"tags":[],"class_list":["post-1816","post","type-post","status-publish","format-standard","has-post-thumbnail","hentry","category-noticias-araras","has_thumb"],"aioseo_notices":[],"_links":{"self":[{"href":"https:\/\/www.encontraararas.com.br\/sobre\/wp-json\/wp\/v2\/posts\/1816","targetHints":{"allow":["GET"]}}],"collection":[{"href":"https:\/\/www.encontraararas.com.br\/sobre\/wp-json\/wp\/v2\/posts"}],"about":[{"href":"https:\/\/www.encontraararas.com.br\/sobre\/wp-json\/wp\/v2\/types\/post"}],"author":[{"embeddable":true,"href":"https:\/\/www.encontraararas.com.br\/sobre\/wp-json\/wp\/v2\/users\/1"}],"replies":[{"embeddable":true,"href":"https:\/\/www.encontraararas.com.br\/sobre\/wp-json\/wp\/v2\/comments?post=1816"}],"version-history":[{"count":0,"href":"https:\/\/www.encontraararas.com.br\/sobre\/wp-json\/wp\/v2\/posts\/1816\/revisions"}],"wp:featuredmedia":[{"embeddable":true,"href":"https:\/\/www.encontraararas.com.br\/sobre\/wp-json\/wp\/v2\/media\/1815"}],"wp:attachment":[{"href":"https:\/\/www.encontraararas.com.br\/sobre\/wp-json\/wp\/v2\/media?parent=1816"}],"wp:term":[{"taxonomy":"category","embeddable":true,"href":"https:\/\/www.encontraararas.com.br\/sobre\/wp-json\/wp\/v2\/categories?post=1816"},{"taxonomy":"post_tag","embeddable":true,"href":"https:\/\/www.encontraararas.com.br\/sobre\/wp-json\/wp\/v2\/tags?post=1816"}],"curies":[{"name":"wp","href":"https:\/\/api.w.org\/{rel}","templated":true}]}}