{"id":147,"date":"2012-03-22T12:55:06","date_gmt":"2012-03-22T14:55:06","guid":{"rendered":"http:\/\/www.encontraararas.com.br\/noticias\/?p=147"},"modified":"2019-04-29T18:33:27","modified_gmt":"2019-04-29T20:33:27","slug":"desfile-marca-aniversario-de-emancipacao-de-araras","status":"publish","type":"post","link":"https:\/\/www.encontraararas.com.br\/sobre\/desfile-marca-aniversario-de-emancipacao-de-araras\/","title":{"rendered":"Desfile marca anivers\u00e1rio de emancipa\u00e7\u00e3o de Araras"},"content":{"rendered":"<div class=\"028300b157bd2076cd9869e154cabe36\" data-index=\"1\" style=\"float: none; margin:0px;\">\n<!-- Anuncio display - global -->\r\n<ins class=\"adsbygoogle\"\r\n     style=\"display:block\"\r\n     data-ad-client=\"ca-pub-8585364105181520\"\r\n     data-ad-slot=\"8789329856\"\r\n     data-ad-format=\"auto\"\r\n     data-full-width-responsive=\"true\"><\/ins>\r\n<script>\r\n     (adsbygoogle = window.adsbygoogle || []).push({});\r\n<\/script>\n<\/div>\n<p>Em comemora\u00e7\u00e3o aos 141 anos de emancipa\u00e7\u00e3o pol\u00edtico-administrativa, que ser\u00e3o completados nesse s\u00e1bado (24), o Governo da Cidade de Araras promove eventos especiais que integram a Semana do Munic\u00edpio.<\/p>\n<p>Uma das atra\u00e7\u00f5es \u00e9 o desfile c\u00edvico, que ser\u00e1 realizado na Pra\u00e7a Bar\u00e3o de Araras, a partir das 8h, de domingo (25).<\/p>\n<p>O evento, que tamb\u00e9m integra a programa\u00e7\u00e3o festiva dos 150 anos de funda\u00e7\u00e3o de Araras, contar\u00e1 com a participa\u00e7\u00e3o de 39 institui\u00e7\u00f5es do munic\u00edpio, envolvendo for\u00e7as de seguran\u00e7a, 20 escolas da rede municipal, estadual e particular de ensino, al\u00e9m de outras entidades.<\/p>\n<p>O percurso ter\u00e1 in\u00edcio no cruzamento com a Rua Silva Jardim, pr\u00f3ximo \u00e0 Loja Cem, e terminar\u00e1 no cruzamento com a Silva Telles, pr\u00f3ximo \u00e0 Casa da Cultura.<\/p>\n<p>As escolas municipais est\u00e3o preparando um desfile especial repleto de alegorias e homenagens \u00e0 hist\u00f3ria do munic\u00edpio. O p\u00fablico poder\u00e1 conferir tamb\u00e9m apresenta\u00e7\u00e3o de fanfarras e da Banda Marcial do Say\u00e3o Futebol Clube.<\/p>\n<p>Fonte:\u00a0<em>canalrioclaro.com.br<\/em><\/p>\n\n<div style=\"font-size: 0px; height: 0px; line-height: 0px; margin: 0; padding: 0; clear: both;\"><\/div>","protected":false},"excerpt":{"rendered":"<p>Em comemora\u00e7\u00e3o aos 141 anos de emancipa\u00e7\u00e3o pol\u00edtico-administrativa, que ser\u00e3o completados nesse s\u00e1bado (24), o Governo da Cidade de Araras promove eventos especiais que integram a Semana do Munic\u00edpio. Uma das atra\u00e7\u00f5es \u00e9 o desfile c\u00edvico, que ser\u00e1 realizado na Pra\u00e7a Bar\u00e3o de Araras, a partir das 8h, de domingo (25). O evento, que tamb\u00e9m integra a programa\u00e7\u00e3o festiva dos 150 anos de funda\u00e7\u00e3o de Araras, contar\u00e1 com a participa\u00e7\u00e3o de 39 institui\u00e7\u00f5es do munic\u00edpio, envolvendo for\u00e7as de seguran\u00e7a, 20 escolas da rede municipal, estadual e particular de ensino, al\u00e9m de outras entidades. O percurso ter\u00e1 in\u00edcio no cruzamento com <\/p>\n","protected":false},"author":1,"featured_media":0,"comment_status":"open","ping_status":"closed","sticky":false,"template":"","format":"standard","meta":{"footnotes":""},"categories":[6],"tags":[14],"class_list":["post-147","post","type-post","status-publish","format-standard","hentry","category-noticias-araras","tag-araras"],"aioseo_notices":[],"_links":{"self":[{"href":"https:\/\/www.encontraararas.com.br\/sobre\/wp-json\/wp\/v2\/posts\/147","targetHints":{"allow":["GET"]}}],"collection":[{"href":"https:\/\/www.encontraararas.com.br\/sobre\/wp-json\/wp\/v2\/posts"}],"about":[{"href":"https:\/\/www.encontraararas.com.br\/sobre\/wp-json\/wp\/v2\/types\/post"}],"author":[{"embeddable":true,"href":"https:\/\/www.encontraararas.com.br\/sobre\/wp-json\/wp\/v2\/users\/1"}],"replies":[{"embeddable":true,"href":"https:\/\/www.encontraararas.com.br\/sobre\/wp-json\/wp\/v2\/comments?post=147"}],"version-history":[{"count":0,"href":"https:\/\/www.encontraararas.com.br\/sobre\/wp-json\/wp\/v2\/posts\/147\/revisions"}],"wp:attachment":[{"href":"https:\/\/www.encontraararas.com.br\/sobre\/wp-json\/wp\/v2\/media?parent=147"}],"wp:term":[{"taxonomy":"category","embeddable":true,"href":"https:\/\/www.encontraararas.com.br\/sobre\/wp-json\/wp\/v2\/categories?post=147"},{"taxonomy":"post_tag","embeddable":true,"href":"https:\/\/www.encontraararas.com.br\/sobre\/wp-json\/wp\/v2\/tags?post=147"}],"curies":[{"name":"wp","href":"https:\/\/api.w.org\/{rel}","templated":true}]}}