{"id":126,"date":"2012-03-05T12:38:13","date_gmt":"2012-03-05T14:38:13","guid":{"rendered":"http:\/\/www.encontraararas.com.br\/noticias\/?p=126"},"modified":"2019-04-29T18:33:27","modified_gmt":"2019-04-29T20:33:27","slug":"dedetizacao-acontece-segunda-feira-no-narciso-gomes-em-araras","status":"publish","type":"post","link":"https:\/\/www.encontraararas.com.br\/sobre\/dedetizacao-acontece-segunda-feira-no-narciso-gomes-em-araras\/","title":{"rendered":"Dedetiza\u00e7\u00e3o acontece segunda-feira no Narciso Gomes em Araras"},"content":{"rendered":"<div class=\"028300b157bd2076cd9869e154cabe36\" data-index=\"1\" style=\"float: none; margin:0px;\">\n<!-- Anuncio display - global -->\r\n<ins class=\"adsbygoogle\"\r\n     style=\"display:block\"\r\n     data-ad-client=\"ca-pub-8585364105181520\"\r\n     data-ad-slot=\"8789329856\"\r\n     data-ad-format=\"auto\"\r\n     data-full-width-responsive=\"true\"><\/ins>\r\n<script>\r\n     (adsbygoogle = window.adsbygoogle || []).push({});\r\n<\/script>\n<\/div>\n<p>O Saema (Servi\u00e7o de \u00c1gua, Esgoto e Meio Ambiente) da Cidade Araras informa que a dedetiza\u00e7\u00e3o da rede de esgoto para exterm\u00ednio de insetos ser\u00e1 realizada nessa segunda-feira (5), das 7h30 \u00e0s 16h, no Narciso Gomes.<\/p>\n<p>O Saema orienta que os moradores da regi\u00e3o tenham o cuidado de tapar os ralos com pano \u00famido, para evitar que o veneno aplicado entre na resid\u00eancia.<\/p>\n<p>Fonte: \u00a0<em>Prefeitura de Araras\u00a0<\/em><\/p>\n\n<div style=\"font-size: 0px; height: 0px; line-height: 0px; margin: 0; padding: 0; clear: both;\"><\/div>","protected":false},"excerpt":{"rendered":"<p>O Saema (Servi\u00e7o de \u00c1gua, Esgoto e Meio Ambiente) da Cidade Araras informa que a dedetiza\u00e7\u00e3o da rede de esgoto para exterm\u00ednio de insetos ser\u00e1 realizada nessa segunda-feira (5), das 7h30 \u00e0s 16h, no Narciso Gomes. O Saema orienta que os moradores da regi\u00e3o tenham o cuidado de tapar os ralos com pano \u00famido, para evitar que o veneno aplicado entre na resid\u00eancia. Fonte: \u00a0Prefeitura de Araras\u00a0<\/p>\n","protected":false},"author":1,"featured_media":0,"comment_status":"open","ping_status":"closed","sticky":false,"template":"","format":"standard","meta":{"footnotes":""},"categories":[6],"tags":[14],"class_list":["post-126","post","type-post","status-publish","format-standard","hentry","category-noticias-araras","tag-araras"],"aioseo_notices":[],"_links":{"self":[{"href":"https:\/\/www.encontraararas.com.br\/sobre\/wp-json\/wp\/v2\/posts\/126","targetHints":{"allow":["GET"]}}],"collection":[{"href":"https:\/\/www.encontraararas.com.br\/sobre\/wp-json\/wp\/v2\/posts"}],"about":[{"href":"https:\/\/www.encontraararas.com.br\/sobre\/wp-json\/wp\/v2\/types\/post"}],"author":[{"embeddable":true,"href":"https:\/\/www.encontraararas.com.br\/sobre\/wp-json\/wp\/v2\/users\/1"}],"replies":[{"embeddable":true,"href":"https:\/\/www.encontraararas.com.br\/sobre\/wp-json\/wp\/v2\/comments?post=126"}],"version-history":[{"count":0,"href":"https:\/\/www.encontraararas.com.br\/sobre\/wp-json\/wp\/v2\/posts\/126\/revisions"}],"wp:attachment":[{"href":"https:\/\/www.encontraararas.com.br\/sobre\/wp-json\/wp\/v2\/media?parent=126"}],"wp:term":[{"taxonomy":"category","embeddable":true,"href":"https:\/\/www.encontraararas.com.br\/sobre\/wp-json\/wp\/v2\/categories?post=126"},{"taxonomy":"post_tag","embeddable":true,"href":"https:\/\/www.encontraararas.com.br\/sobre\/wp-json\/wp\/v2\/tags?post=126"}],"curies":[{"name":"wp","href":"https:\/\/api.w.org\/{rel}","templated":true}]}}